{"id":102297,"date":"2021-12-16T11:30:52","date_gmt":"2021-12-16T14:30:52","guid":{"rendered":"https:\/\/eldiariodesanpedro.com.ar\/sitio\/?p=102297"},"modified":"2021-12-16T11:30:53","modified_gmt":"2021-12-16T14:30:53","slug":"el-intendente-ramon-salazar-tomo-juramento-a-los-secretarios-de-coordinacion-y-salud","status":"publish","type":"post","link":"https:\/\/eldiariodesanpedro.com.ar\/sitio\/el-intendente-ramon-salazar-tomo-juramento-a-los-secretarios-de-coordinacion-y-salud\/","title":{"rendered":"El Intendente Ram\u00f3n Salazar tom\u00f3 juramento a los secretarios de Coordinaci\u00f3n y Salud"},"content":{"rendered":"<!-- VideographyWP Plugin Message: Automatic video embedding prevented by plugin options. -->\n\n<p>El Dr. Ram\u00f3n Salazar tom\u00f3 juramento a los nuevos integrantes del gabinete que pasan a formar parte desde nuevas posiciones en el gobierno municipal. En ambos casos se trata de funcionarios que ya estaban trabajando en la gesti\u00f3n del Intendente Cecilio Salazar. Hern\u00e1n Contreras ocupar\u00e1 el lugar del Dr. Ram\u00f3n Salazar al frente de la Secretar\u00eda de Coordinaci\u00f3n y el Dr. Pablo Pichioni, que formaba parte del plantel de m\u00e9dicos del equipo de salud, es desde hoy formalmente Secretario del \u00e1rea.<\/p>\n\n\n\n<p>El acto se llev\u00f3 a cabo en el despacho del Intendente con la participaci\u00f3n de funcionarios del gabinete, miembros del Honorable Concejo Deliberante y familiares de los flamantes funcionarios.<\/p>\n\n\n\n<p>Luego de efectuar las juras, el Dr. Salazar se refiri\u00f3, en primera instancia, a las tareas que deber\u00e1 afrontar el nuevo secretario de Salud Pablo Pichioni, quien asume una \u201cresponsabilidad muy grande\u201d debido a la continuidad de la pandemia. Remarcando adem\u00e1s la importancia que se le ha dado durante toda la gesti\u00f3n al \u00e1rea de salud, tanto en el hospital como en las localidades y centros de salud. Finalmente apunt\u00f3 a \u201cseguir mejorando\u201d y le dese\u00f3 muchos \u00e9xitos en la conducci\u00f3n del equipo de Salud.<\/p>\n\n\n\n<p>Al referirse al nuevo secretario de Coordinaci\u00f3n Hern\u00e1n Contreras, el Dr. Salazar record\u00f3 su paso interino por la Secretar\u00eda \u201cen medio de la pandemia\u201d y la experiencia trabajando en el municipio, destacando el trabajo realizado en la Direcci\u00f3n de Modernizaci\u00f3n. Adem\u00e1s, reafirm\u00f3 el compromiso para \u201cseguir haciendo cosas por la ciudad\u201d y se refiri\u00f3 a la \u201cresponsabilidad muy importante de conducir el equipo\u201d junto a Pablo Vlaeminck, secretario de Gobierno.<\/p>\n\n\n\n<p>Por su parte, el secretario de Salud Pablo Pichioni agradeci\u00f3 la confianza depositada en \u00e9l y reafirm\u00f3 su compromiso por el desaf\u00edo que le toca afrontar, se refiri\u00f3 al cambio que lleva adelante el sistema de salud, con una nueva din\u00e1mica de trabajo, reorganizando el sistema para dar \u201cuna mejor atenci\u00f3n de mejor calidad\u201d.<\/p>\n\n\n\n<p>Finalmente, el secretario de Coordinaci\u00f3n Hern\u00e1n Contreras, agradeci\u00f3 a los presentes, se mostr\u00f3 feliz por el comienzo de esta nueva etapa, record\u00f3 su paso por las diferentes \u00e1reas en las que trabaj\u00f3, comenzando en la subdirecci\u00f3n de la oficina de rentas convocado por Hern\u00e1n Abbat\u00e1ngelo, agradeci\u00f3 la confianza depositada en \u00e9l y se mostr\u00f3 \u201cmuy honrado por la confianza que tanto Cecilio, durante sus 6 a\u00f1os de gesti\u00f3n, como Ram\u00f3n en estos dos a\u00f1os de desaf\u00edos que tenemos por delante me han brindado\u201d.<\/p>\n\n\n\n<figure class=\"wp-block-image size-full\"><img decoding=\"async\" width=\"863\" height=\"630\" data-attachment-id=\"102299\" data-permalink=\"https:\/\/eldiariodesanpedro.com.ar\/sitio\/el-intendente-ramon-salazar-tomo-juramento-a-los-secretarios-de-coordinacion-y-salud\/whatsapp-image-2021-12-15-at-17-44-46\/\" data-orig-file=\"https:\/\/eldiariodesanpedro.com.ar\/sitio\/wp-content\/uploads\/2021\/12\/WhatsApp-Image-2021-12-15-at-17.44.46.jpeg\" data-orig-size=\"863,630\" data-comments-opened=\"0\" data-image-meta=\"{&quot;aperture&quot;:&quot;0&quot;,&quot;credit&quot;:&quot;&quot;,&quot;camera&quot;:&quot;&quot;,&quot;caption&quot;:&quot;&quot;,&quot;created_timestamp&quot;:&quot;0&quot;,&quot;copyright&quot;:&quot;&quot;,&quot;focal_length&quot;:&quot;0&quot;,&quot;iso&quot;:&quot;0&quot;,&quot;shutter_speed&quot;:&quot;0&quot;,&quot;title&quot;:&quot;&quot;,&quot;orientation&quot;:&quot;0&quot;}\" data-image-title=\"WhatsApp Image 2021-12-15 at 17.44.46\" data-image-description=\"\" data-image-caption=\"\" data-large-file=\"https:\/\/eldiariodesanpedro.com.ar\/sitio\/wp-content\/uploads\/2021\/12\/WhatsApp-Image-2021-12-15-at-17.44.46.jpeg\" data-src=\"https:\/\/eldiariodesanpedro.com.ar\/sitio\/wp-content\/uploads\/2021\/12\/WhatsApp-Image-2021-12-15-at-17.44.46.jpeg\" alt=\"\" class=\"wp-image-102299 lazyload\" data-srcset=\"https:\/\/eldiariodesanpedro.com.ar\/sitio\/wp-content\/uploads\/2021\/12\/WhatsApp-Image-2021-12-15-at-17.44.46.jpeg 863w, https:\/\/eldiariodesanpedro.com.ar\/sitio\/wp-content\/uploads\/2021\/12\/WhatsApp-Image-2021-12-15-at-17.44.46-300x219.jpeg 300w, https:\/\/eldiariodesanpedro.com.ar\/sitio\/wp-content\/uploads\/2021\/12\/WhatsApp-Image-2021-12-15-at-17.44.46-768x561.jpeg 768w\" data-sizes=\"(max-width: 863px) 100vw, 863px\" src=\"data:image\/svg+xml;base64,PHN2ZyB3aWR0aD0iMSIgaGVpZ2h0PSIxIiB4bWxucz0iaHR0cDovL3d3dy53My5vcmcvMjAwMC9zdmciPjwvc3ZnPg==\" style=\"--smush-placeholder-width: 863px; --smush-placeholder-aspect-ratio: 863\/630;\" \/><\/figure>\n\n\n\n<figure class=\"wp-block-image size-full\"><img decoding=\"async\" width=\"908\" height=\"630\" data-attachment-id=\"102300\" data-permalink=\"https:\/\/eldiariodesanpedro.com.ar\/sitio\/el-intendente-ramon-salazar-tomo-juramento-a-los-secretarios-de-coordinacion-y-salud\/whatsapp-image-2021-12-15-at-17-44-47\/\" data-orig-file=\"https:\/\/eldiariodesanpedro.com.ar\/sitio\/wp-content\/uploads\/2021\/12\/WhatsApp-Image-2021-12-15-at-17.44.47.jpeg\" data-orig-size=\"908,630\" data-comments-opened=\"0\" data-image-meta=\"{&quot;aperture&quot;:&quot;0&quot;,&quot;credit&quot;:&quot;&quot;,&quot;camera&quot;:&quot;&quot;,&quot;caption&quot;:&quot;&quot;,&quot;created_timestamp&quot;:&quot;0&quot;,&quot;copyright&quot;:&quot;&quot;,&quot;focal_length&quot;:&quot;0&quot;,&quot;iso&quot;:&quot;0&quot;,&quot;shutter_speed&quot;:&quot;0&quot;,&quot;title&quot;:&quot;&quot;,&quot;orientation&quot;:&quot;0&quot;}\" data-image-title=\"WhatsApp Image 2021-12-15 at 17.44.47\" data-image-description=\"\" data-image-caption=\"\" data-large-file=\"https:\/\/eldiariodesanpedro.com.ar\/sitio\/wp-content\/uploads\/2021\/12\/WhatsApp-Image-2021-12-15-at-17.44.47.jpeg\" data-src=\"https:\/\/eldiariodesanpedro.com.ar\/sitio\/wp-content\/uploads\/2021\/12\/WhatsApp-Image-2021-12-15-at-17.44.47.jpeg\" alt=\"\" class=\"wp-image-102300 lazyload\" data-srcset=\"https:\/\/eldiariodesanpedro.com.ar\/sitio\/wp-content\/uploads\/2021\/12\/WhatsApp-Image-2021-12-15-at-17.44.47.jpeg 908w, https:\/\/eldiariodesanpedro.com.ar\/sitio\/wp-content\/uploads\/2021\/12\/WhatsApp-Image-2021-12-15-at-17.44.47-300x208.jpeg 300w, https:\/\/eldiariodesanpedro.com.ar\/sitio\/wp-content\/uploads\/2021\/12\/WhatsApp-Image-2021-12-15-at-17.44.47-768x533.jpeg 768w\" data-sizes=\"(max-width: 908px) 100vw, 908px\" src=\"data:image\/svg+xml;base64,PHN2ZyB3aWR0aD0iMSIgaGVpZ2h0PSIxIiB4bWxucz0iaHR0cDovL3d3dy53My5vcmcvMjAwMC9zdmciPjwvc3ZnPg==\" style=\"--smush-placeholder-width: 908px; --smush-placeholder-aspect-ratio: 908\/630;\" \/><\/figure>\n\n\n\n<figure class=\"wp-block-image size-full\"><img decoding=\"async\" width=\"1008\" height=\"630\" data-attachment-id=\"102301\" data-permalink=\"https:\/\/eldiariodesanpedro.com.ar\/sitio\/el-intendente-ramon-salazar-tomo-juramento-a-los-secretarios-de-coordinacion-y-salud\/whatsapp-image-2021-12-15-at-17-44-48-1\/\" data-orig-file=\"https:\/\/eldiariodesanpedro.com.ar\/sitio\/wp-content\/uploads\/2021\/12\/WhatsApp-Image-2021-12-15-at-17.44.48-1.jpeg\" data-orig-size=\"1008,630\" data-comments-opened=\"0\" data-image-meta=\"{&quot;aperture&quot;:&quot;0&quot;,&quot;credit&quot;:&quot;&quot;,&quot;camera&quot;:&quot;&quot;,&quot;caption&quot;:&quot;&quot;,&quot;created_timestamp&quot;:&quot;0&quot;,&quot;copyright&quot;:&quot;&quot;,&quot;focal_length&quot;:&quot;0&quot;,&quot;iso&quot;:&quot;0&quot;,&quot;shutter_speed&quot;:&quot;0&quot;,&quot;title&quot;:&quot;&quot;,&quot;orientation&quot;:&quot;0&quot;}\" data-image-title=\"WhatsApp Image 2021-12-15 at 17.44.48 (1)\" data-image-description=\"\" data-image-caption=\"\" data-large-file=\"https:\/\/eldiariodesanpedro.com.ar\/sitio\/wp-content\/uploads\/2021\/12\/WhatsApp-Image-2021-12-15-at-17.44.48-1.jpeg\" data-src=\"https:\/\/eldiariodesanpedro.com.ar\/sitio\/wp-content\/uploads\/2021\/12\/WhatsApp-Image-2021-12-15-at-17.44.48-1.jpeg\" alt=\"\" class=\"wp-image-102301 lazyload\" data-srcset=\"https:\/\/eldiariodesanpedro.com.ar\/sitio\/wp-content\/uploads\/2021\/12\/WhatsApp-Image-2021-12-15-at-17.44.48-1.jpeg 1008w, https:\/\/eldiariodesanpedro.com.ar\/sitio\/wp-content\/uploads\/2021\/12\/WhatsApp-Image-2021-12-15-at-17.44.48-1-300x188.jpeg 300w, https:\/\/eldiariodesanpedro.com.ar\/sitio\/wp-content\/uploads\/2021\/12\/WhatsApp-Image-2021-12-15-at-17.44.48-1-768x480.jpeg 768w\" data-sizes=\"(max-width: 1008px) 100vw, 1008px\" src=\"data:image\/svg+xml;base64,PHN2ZyB3aWR0aD0iMSIgaGVpZ2h0PSIxIiB4bWxucz0iaHR0cDovL3d3dy53My5vcmcvMjAwMC9zdmciPjwvc3ZnPg==\" style=\"--smush-placeholder-width: 1008px; --smush-placeholder-aspect-ratio: 1008\/630;\" \/><\/figure>\n","protected":false},"excerpt":{"rendered":"<p>El Dr. Ram\u00f3n Salazar tom\u00f3 juramento a los nuevos integrantes del gabinete que pasan a formar parte desde nuevas posiciones en el gobierno municipal. En ambos casos se trata de funcionarios que ya estaban trabajando en la gesti\u00f3n del Intendente Cecilio Salazar. Hern\u00e1n Contreras ocupar\u00e1 el lugar del Dr. Ram\u00f3n Salazar al frente de la [&hellip;]<\/p>\n","protected":false},"author":4,"featured_media":102298,"comment_status":"closed","ping_status":"closed","sticky":false,"template":"","format":"standard","meta":{"om_disable_all_campaigns":false,"_jetpack_memberships_contains_paid_content":false,"footnotes":""},"categories":[50,101,2],"tags":[],"class_list":["post-102297","post","type-post","status-publish","format-standard","has-post-thumbnail","hentry","category-destacadas","category-interes-general-locales","category-locales"],"aioseo_notices":[],"gutentor_comment":0,"jetpack_featured_media_url":"https:\/\/eldiariodesanpedro.com.ar\/sitio\/wp-content\/uploads\/2021\/12\/WhatsApp-Image-2021-12-15-at-17.44.42.jpeg","jetpack_shortlink":"https:\/\/wp.me\/p6RhLt-qBX","jetpack_sharing_enabled":true,"_links":{"self":[{"href":"https:\/\/eldiariodesanpedro.com.ar\/sitio\/wp-json\/wp\/v2\/posts\/102297","targetHints":{"allow":["GET"]}}],"collection":[{"href":"https:\/\/eldiariodesanpedro.com.ar\/sitio\/wp-json\/wp\/v2\/posts"}],"about":[{"href":"https:\/\/eldiariodesanpedro.com.ar\/sitio\/wp-json\/wp\/v2\/types\/post"}],"author":[{"embeddable":true,"href":"https:\/\/eldiariodesanpedro.com.ar\/sitio\/wp-json\/wp\/v2\/users\/4"}],"replies":[{"embeddable":true,"href":"https:\/\/eldiariodesanpedro.com.ar\/sitio\/wp-json\/wp\/v2\/comments?post=102297"}],"version-history":[{"count":1,"href":"https:\/\/eldiariodesanpedro.com.ar\/sitio\/wp-json\/wp\/v2\/posts\/102297\/revisions"}],"predecessor-version":[{"id":102302,"href":"https:\/\/eldiariodesanpedro.com.ar\/sitio\/wp-json\/wp\/v2\/posts\/102297\/revisions\/102302"}],"wp:featuredmedia":[{"embeddable":true,"href":"https:\/\/eldiariodesanpedro.com.ar\/sitio\/wp-json\/wp\/v2\/media\/102298"}],"wp:attachment":[{"href":"https:\/\/eldiariodesanpedro.com.ar\/sitio\/wp-json\/wp\/v2\/media?parent=102297"}],"wp:term":[{"taxonomy":"category","embeddable":true,"href":"https:\/\/eldiariodesanpedro.com.ar\/sitio\/wp-json\/wp\/v2\/categories?post=102297"},{"taxonomy":"post_tag","embeddable":true,"href":"https:\/\/eldiariodesanpedro.com.ar\/sitio\/wp-json\/wp\/v2\/tags?post=102297"}],"curies":[{"name":"wp","href":"https:\/\/api.w.org\/{rel}","templated":true}]}}