{"id":102290,"date":"2021-12-16T10:20:15","date_gmt":"2021-12-16T13:20:15","guid":{"rendered":"https:\/\/eldiariodesanpedro.com.ar\/sitio\/?p=102290"},"modified":"2021-12-16T10:20:16","modified_gmt":"2021-12-16T13:20:16","slug":"vigencia-de-la-ordenanza-contra-la-fabricacion-y-venta-de-pirotecnia-2","status":"publish","type":"post","link":"https:\/\/eldiariodesanpedro.com.ar\/sitio\/vigencia-de-la-ordenanza-contra-la-fabricacion-y-venta-de-pirotecnia-2\/","title":{"rendered":"Vigencia de la Ordenanza contra la fabricaci\u00f3n y venta de pirotecnia"},"content":{"rendered":"<!-- VideographyWP Plugin Message: Automatic video embedding prevented by plugin options. -->\n\n<p>La Municipalidad de San Pedro recuerda la vigencia de la ordenanza 6212\/16 que proh\u00edbe en el \u00e1mbito del distrito de San Pedro, la tenencia, fabricaci\u00f3n, comercializaci\u00f3n, dep\u00f3sito y venta al p\u00fablico, mayorista o minorista, y el uso particular de todo elemento de pirotecnia y coheter\u00eda, sea \u00e9ste de venta libre o no, y\/o fabricaci\u00f3n autorizada.<\/p>\n\n\n\n<p>En la proximidad de las fechas en las que se distribuye de manera ilegal este tipo de productos para fiestas, despedidas o eventos, se recuerda que adem\u00e1s de las sanciones de las que son pasibles aquellos que desconozcan esta disposici\u00f3n, es importante el compromiso de todos por los efectos nocivos y peligrosos que supone el empleo de estos elementos.<\/p>\n\n\n\n<p>Adem\u00e1s de los potenciales accidentes en quienes manipulan pirotecnia, las explosiones provocan trastornos a las personas con autismo y en animales, desorientaci\u00f3n, trastornos en los o\u00eddos, taquicardia, temblores, n\u00e1useas, aturdimiento, miedo, reacciones desesperadas y accidentes.<\/p>\n\n\n\n<p>La venta est\u00e1 prohibida. La compra es responsabilidad de cada ciudadano m\u00e1s all\u00e1 de los controles.<\/p>\n","protected":false},"excerpt":{"rendered":"<p>La Municipalidad de San Pedro recuerda la vigencia de la ordenanza 6212\/16 que proh\u00edbe en el \u00e1mbito del distrito de San Pedro, la tenencia, fabricaci\u00f3n, comercializaci\u00f3n, dep\u00f3sito y venta al p\u00fablico, mayorista o minorista, y el uso particular de todo elemento de pirotecnia y coheter\u00eda, sea \u00e9ste de venta libre o no, y\/o fabricaci\u00f3n autorizada. [&hellip;]<\/p>\n","protected":false},"author":4,"featured_media":102291,"comment_status":"closed","ping_status":"closed","sticky":false,"template":"","format":"standard","meta":{"om_disable_all_campaigns":false,"_jetpack_memberships_contains_paid_content":false,"footnotes":""},"categories":[50,101,2],"tags":[197,696,33,19,2552],"class_list":["post-102290","post","type-post","status-publish","format-standard","has-post-thumbnail","hentry","category-destacadas","category-interes-general-locales","category-locales","tag-buenos-aires","tag-interes-general","tag-locales","tag-san-pedro","tag-vigencia-de-la-ordenanza-contra-la-fabricacion-y-venta-de-pirotecnia"],"aioseo_notices":[],"gutentor_comment":0,"jetpack_featured_media_url":"https:\/\/eldiariodesanpedro.com.ar\/sitio\/wp-content\/uploads\/2021\/12\/pirotecnia_cero.jpg","jetpack_shortlink":"https:\/\/wp.me\/p6RhLt-qBQ","jetpack_sharing_enabled":true,"_links":{"self":[{"href":"https:\/\/eldiariodesanpedro.com.ar\/sitio\/wp-json\/wp\/v2\/posts\/102290","targetHints":{"allow":["GET"]}}],"collection":[{"href":"https:\/\/eldiariodesanpedro.com.ar\/sitio\/wp-json\/wp\/v2\/posts"}],"about":[{"href":"https:\/\/eldiariodesanpedro.com.ar\/sitio\/wp-json\/wp\/v2\/types\/post"}],"author":[{"embeddable":true,"href":"https:\/\/eldiariodesanpedro.com.ar\/sitio\/wp-json\/wp\/v2\/users\/4"}],"replies":[{"embeddable":true,"href":"https:\/\/eldiariodesanpedro.com.ar\/sitio\/wp-json\/wp\/v2\/comments?post=102290"}],"version-history":[{"count":2,"href":"https:\/\/eldiariodesanpedro.com.ar\/sitio\/wp-json\/wp\/v2\/posts\/102290\/revisions"}],"predecessor-version":[{"id":102294,"href":"https:\/\/eldiariodesanpedro.com.ar\/sitio\/wp-json\/wp\/v2\/posts\/102290\/revisions\/102294"}],"wp:featuredmedia":[{"embeddable":true,"href":"https:\/\/eldiariodesanpedro.com.ar\/sitio\/wp-json\/wp\/v2\/media\/102291"}],"wp:attachment":[{"href":"https:\/\/eldiariodesanpedro.com.ar\/sitio\/wp-json\/wp\/v2\/media?parent=102290"}],"wp:term":[{"taxonomy":"category","embeddable":true,"href":"https:\/\/eldiariodesanpedro.com.ar\/sitio\/wp-json\/wp\/v2\/categories?post=102290"},{"taxonomy":"post_tag","embeddable":true,"href":"https:\/\/eldiariodesanpedro.com.ar\/sitio\/wp-json\/wp\/v2\/tags?post=102290"}],"curies":[{"name":"wp","href":"https:\/\/api.w.org\/{rel}","templated":true}]}}