{"id":102287,"date":"2021-12-16T09:55:05","date_gmt":"2021-12-16T12:55:05","guid":{"rendered":"https:\/\/eldiariodesanpedro.com.ar\/sitio\/?p=102287"},"modified":"2021-12-16T09:55:07","modified_gmt":"2021-12-16T12:55:07","slug":"preocupacion-ante-nuevos-hechos-de-inseguridad-en-la-zona-rural","status":"publish","type":"post","link":"https:\/\/eldiariodesanpedro.com.ar\/sitio\/preocupacion-ante-nuevos-hechos-de-inseguridad-en-la-zona-rural\/","title":{"rendered":"Preocupaci\u00f3n ante nuevos hechos de inseguridad en la zona rural"},"content":{"rendered":"<!-- VideographyWP Plugin Message: Automatic video embedding prevented by plugin options. -->\n\n<p>La Sociedad Rural de San Pedro hace p\u00fablica su solidaridad con la familia de la zona de R\u00edo Tala que fue v\u00edctima de un nuevo hecho delictivo cargado de alevos\u00eda y violencia y comparte la preocupaci\u00f3n que genera la reiteraci\u00f3n de estas situaciones que provocan una enorme tristeza en todo el sector.<\/p>\n\n\n\n<p>La indefensi\u00f3n de quienes mantienen un estilo de vida sustentado en el trabajo y el esfuerzo cotidiano, parece no encontrar ninguna barrera, a pesar de las tareas de prevenci\u00f3n que se realizan y que desde nuestra entidad apoyamos de manera constante.<\/p>\n\n\n\n<p>Seguimos comprometidos en el seguimiento de estos problemas junto a todos los actores involucrados, tanto desde las fuerzas de seguridad como desde el Estado y el Poder Judicial, para que se profundicen las acciones de prevenci\u00f3n y para que cuando se logra esclarecer alguno de estos hechos se pongan en marcha los mecanismos adecuados.<\/p>\n","protected":false},"excerpt":{"rendered":"<p>La Sociedad Rural de San Pedro hace p\u00fablica su solidaridad con la familia de la zona de R\u00edo Tala que fue v\u00edctima de un nuevo hecho delictivo cargado de alevos\u00eda y violencia y comparte la preocupaci\u00f3n que genera la reiteraci\u00f3n de estas situaciones que provocan una enorme tristeza en todo el sector. La indefensi\u00f3n de [&hellip;]<\/p>\n","protected":false},"author":4,"featured_media":102288,"comment_status":"closed","ping_status":"closed","sticky":false,"template":"","format":"standard","meta":{"om_disable_all_campaigns":false,"_jetpack_memberships_contains_paid_content":false,"footnotes":""},"categories":[50,101,2],"tags":[],"class_list":["post-102287","post","type-post","status-publish","format-standard","has-post-thumbnail","hentry","category-destacadas","category-interes-general-locales","category-locales"],"aioseo_notices":[],"gutentor_comment":0,"jetpack_featured_media_url":"https:\/\/eldiariodesanpedro.com.ar\/sitio\/wp-content\/uploads\/2021\/12\/inseguridad-rural.jpeg","jetpack_shortlink":"https:\/\/wp.me\/p6RhLt-qBN","jetpack_sharing_enabled":true,"_links":{"self":[{"href":"https:\/\/eldiariodesanpedro.com.ar\/sitio\/wp-json\/wp\/v2\/posts\/102287","targetHints":{"allow":["GET"]}}],"collection":[{"href":"https:\/\/eldiariodesanpedro.com.ar\/sitio\/wp-json\/wp\/v2\/posts"}],"about":[{"href":"https:\/\/eldiariodesanpedro.com.ar\/sitio\/wp-json\/wp\/v2\/types\/post"}],"author":[{"embeddable":true,"href":"https:\/\/eldiariodesanpedro.com.ar\/sitio\/wp-json\/wp\/v2\/users\/4"}],"replies":[{"embeddable":true,"href":"https:\/\/eldiariodesanpedro.com.ar\/sitio\/wp-json\/wp\/v2\/comments?post=102287"}],"version-history":[{"count":1,"href":"https:\/\/eldiariodesanpedro.com.ar\/sitio\/wp-json\/wp\/v2\/posts\/102287\/revisions"}],"predecessor-version":[{"id":102289,"href":"https:\/\/eldiariodesanpedro.com.ar\/sitio\/wp-json\/wp\/v2\/posts\/102287\/revisions\/102289"}],"wp:featuredmedia":[{"embeddable":true,"href":"https:\/\/eldiariodesanpedro.com.ar\/sitio\/wp-json\/wp\/v2\/media\/102288"}],"wp:attachment":[{"href":"https:\/\/eldiariodesanpedro.com.ar\/sitio\/wp-json\/wp\/v2\/media?parent=102287"}],"wp:term":[{"taxonomy":"category","embeddable":true,"href":"https:\/\/eldiariodesanpedro.com.ar\/sitio\/wp-json\/wp\/v2\/categories?post=102287"},{"taxonomy":"post_tag","embeddable":true,"href":"https:\/\/eldiariodesanpedro.com.ar\/sitio\/wp-json\/wp\/v2\/tags?post=102287"}],"curies":[{"name":"wp","href":"https:\/\/api.w.org\/{rel}","templated":true}]}}