{"id":102284,"date":"2021-12-16T09:38:09","date_gmt":"2021-12-16T12:38:09","guid":{"rendered":"https:\/\/eldiariodesanpedro.com.ar\/sitio\/?p=102284"},"modified":"2021-12-16T09:38:12","modified_gmt":"2021-12-16T12:38:12","slug":"asamblea-anual-ordinaria-de-la-asociacion-circulo-medico-de-san-pedro-2","status":"publish","type":"post","link":"https:\/\/eldiariodesanpedro.com.ar\/sitio\/asamblea-anual-ordinaria-de-la-asociacion-circulo-medico-de-san-pedro-2\/","title":{"rendered":"Asamblea Anual Ordinaria de la Asociaci\u00f3n Circulo Medico de San Pedro"},"content":{"rendered":"<!-- VideographyWP Plugin Message: Automatic video embedding prevented by plugin options. -->\n\n<p>LA ASOCIACI\u00d3N CIRCULO MEDICO DE SAN PEDRO tiene el agrado de invitar a sus asociados a la ASAMBLEA ANUAL ORDINARIA&nbsp; que se llevar\u00e1 a cabo en el local de la Entidad calle G\u00fcemes 48, el d\u00eda martes 29 de diciembre de 2021, a las 13.30 en primera citaci\u00f3n y 14.00 hs. en segunda con el siguiente:<\/p>\n\n\n\n<p class=\"has-text-align-center\"><strong>ORDEN DEL DIA<\/strong><\/p>\n\n\n\n<p><strong>1-<\/strong> Designaci\u00f3n de dos Asamble\u00edstas para firmar el acta conjuntamente con el Sr. Presidente. <br><strong>2 &#8211;<\/strong> Lectura y consideraci\u00f3n de la Memoria y aprobaci\u00f3n del Balance del ejercicio comprendido entre el\u00a0 1 de junio de 2020 al 31 de mayo de 2021. <br><strong>3 &#8211;<\/strong> Renovaci\u00f3n de Autoridades y elecci\u00f3n de los\u00a0 siguientes cargos: Presidente por dos a\u00f1os en reemplazo de la Dra. Dold\u00e1n Liliana por terminaci\u00f3n de su mandato.<br>Prosecretario por dos a\u00f1os en reemplazo del Dr.\u00a0 Crucianelli Gast\u00f3n por terminaci\u00f3n\u00a0 de su mandato.<br>Tesorero por dos a\u00f1os en reemplazo del Dr. Ureta Daniel por terminaci\u00f3n su mandato.<br>Vocal segundo por dos a\u00f1os en reemplazo de la\u00a0 Dra. Perroud Carolina por terminaci\u00f3n de su mandato.<br>Revisores de cuentas en reemplazo de los Dres. Gerini Daniel y Taurizano Ana. <br><strong>4 &#8211;<\/strong> Aprobaci\u00f3n de la gesti\u00f3n de la Comisi\u00f3n Directiva.<\/p>\n\n\n\n<p>Se informa con relaci\u00f3n al punto 3 que la presentaci\u00f3n de listas se recibir\u00e1 hasta 5 d\u00edas antes de la fecha fijada para la Asamblea seg\u00fan&nbsp; Estatuto.<\/p>\n\n\n\n<p>Para la primera convocatoria,\u00a0 es necesario un qu\u00f3rum de m\u00e1s de la mitad de los asociados con derecho a voto y en segunda convocatoria la asamblea se realiza con cualquier n\u00famero de socios presentes\u00a0 siempre que\u00a0 sea mayor que el de los miembros de la Comisi\u00f3n Directiva.<\/p>\n\n\n\n<p><strong>Dr. Carzino Carlos &#8211; Secretario<\/strong><br><strong>Dra. Dold\u00e1n Liliana &#8211; Presidente<\/strong><\/p>\n","protected":false},"excerpt":{"rendered":"<p>LA ASOCIACI\u00d3N CIRCULO MEDICO DE SAN PEDRO tiene el agrado de invitar a sus asociados a la ASAMBLEA ANUAL ORDINARIA&nbsp; que se llevar\u00e1 a cabo en el local de la Entidad calle G\u00fcemes 48, el d\u00eda martes 29 de diciembre de 2021, a las 13.30 en primera citaci\u00f3n y 14.00 hs. en segunda con el [&hellip;]<\/p>\n","protected":false},"author":4,"featured_media":102285,"comment_status":"closed","ping_status":"closed","sticky":false,"template":"","format":"standard","meta":{"om_disable_all_campaigns":false,"_jetpack_memberships_contains_paid_content":false,"footnotes":""},"categories":[678,676],"tags":[2269,197,1121,696,1355,33,19],"class_list":["post-102284","post","type-post","status-publish","format-standard","has-post-thumbnail","hentry","category-convocatorias","category-edictos","tag-asamblea-anual-ordinaria-de-la-asociacion-circulo-medico-de-san-pedro","tag-buenos-aires","tag-edicto","tag-interes-general","tag-judiciales","tag-locales","tag-san-pedro"],"aioseo_notices":[],"gutentor_comment":0,"jetpack_featured_media_url":"https:\/\/eldiariodesanpedro.com.ar\/sitio\/wp-content\/uploads\/2021\/12\/Circulo-Medico-Convocatoria-2021.jpg","jetpack_shortlink":"https:\/\/wp.me\/p6RhLt-qBK","jetpack_sharing_enabled":true,"_links":{"self":[{"href":"https:\/\/eldiariodesanpedro.com.ar\/sitio\/wp-json\/wp\/v2\/posts\/102284","targetHints":{"allow":["GET"]}}],"collection":[{"href":"https:\/\/eldiariodesanpedro.com.ar\/sitio\/wp-json\/wp\/v2\/posts"}],"about":[{"href":"https:\/\/eldiariodesanpedro.com.ar\/sitio\/wp-json\/wp\/v2\/types\/post"}],"author":[{"embeddable":true,"href":"https:\/\/eldiariodesanpedro.com.ar\/sitio\/wp-json\/wp\/v2\/users\/4"}],"replies":[{"embeddable":true,"href":"https:\/\/eldiariodesanpedro.com.ar\/sitio\/wp-json\/wp\/v2\/comments?post=102284"}],"version-history":[{"count":1,"href":"https:\/\/eldiariodesanpedro.com.ar\/sitio\/wp-json\/wp\/v2\/posts\/102284\/revisions"}],"predecessor-version":[{"id":102286,"href":"https:\/\/eldiariodesanpedro.com.ar\/sitio\/wp-json\/wp\/v2\/posts\/102284\/revisions\/102286"}],"wp:featuredmedia":[{"embeddable":true,"href":"https:\/\/eldiariodesanpedro.com.ar\/sitio\/wp-json\/wp\/v2\/media\/102285"}],"wp:attachment":[{"href":"https:\/\/eldiariodesanpedro.com.ar\/sitio\/wp-json\/wp\/v2\/media?parent=102284"}],"wp:term":[{"taxonomy":"category","embeddable":true,"href":"https:\/\/eldiariodesanpedro.com.ar\/sitio\/wp-json\/wp\/v2\/categories?post=102284"},{"taxonomy":"post_tag","embeddable":true,"href":"https:\/\/eldiariodesanpedro.com.ar\/sitio\/wp-json\/wp\/v2\/tags?post=102284"}],"curies":[{"name":"wp","href":"https:\/\/api.w.org\/{rel}","templated":true}]}}