{"id":102274,"date":"2021-12-15T19:36:06","date_gmt":"2021-12-15T22:36:06","guid":{"rendered":"https:\/\/eldiariodesanpedro.com.ar\/sitio\/?p=102274"},"modified":"2021-12-15T19:36:08","modified_gmt":"2021-12-15T22:36:08","slug":"brindis-de-fin-de-ano-con-gran-concurrencia-de-pluralidad-inmobiliaria","status":"publish","type":"post","link":"https:\/\/eldiariodesanpedro.com.ar\/sitio\/brindis-de-fin-de-ano-con-gran-concurrencia-de-pluralidad-inmobiliaria\/","title":{"rendered":"Brindis de fin de a\u00f1o con gran concurrencia de Pluralidad Inmobiliaria"},"content":{"rendered":"<!-- VideographyWP Plugin Message: Automatic video embedding prevented by plugin options. -->\n\n<p><strong>Pluralidad Inmobiliaria<\/strong> cerr\u00f3 el a\u00f1o con una cena llevada a cabo el pasado 13 de Diciembre&nbsp; en el Restaurante Centro Vasco \u2013 Franc\u00e9s.-<\/p>\n\n\n\n<p>Precedida por Alejandro Juan Bennazar, H\u00e9ctor Men\u00e9ndez, Eduardo Di Fini, cena de la que&nbsp; participaron un sin n\u00famero de inmobiliarios entre los que mencionamos Alejandra Covello Dora&nbsp; Galarza Laura Soto, Claudio Vod\u00e0novich, Pedro Buttafuoco, Juan Siciliano Walter Porta,&nbsp; Sebasti\u00e1n Celery,Paul Reynolds, Mar\u00eda Herman, entre muchos m\u00e1s a los que agradecemos su&nbsp; apoyo y participaci\u00f3n y quienes compartieron con los integrantes de Pluralidad celebrando la&nbsp; magn\u00edfica gesti\u00f3n llevada a cabo por la elecciones en CUCICBA y trabajo que continuaremos.<\/p>\n\n\n\n<p>La cena cont\u00f3 con un delicioso men\u00fa y palabras de los distintos integrantes de Pluralidad&nbsp; Inmobiliaria, quienes hicieron menci\u00f3n a las gestiones realizadas, como as\u00ed tambi\u00e9n se hizo un raconto de las distintas actividades y reuniones.<\/p>\n\n\n\n<p>Recordamos que <strong>Pluralidad Inmobiliaria<\/strong> nace con el firme prop\u00f3sito de acompa\u00f1ar&nbsp; a nuestra profesi\u00f3n al cambio, trabajar en contra de la competencia desleal y a favor del&nbsp; matriculado, entre otros objetivos que hoy por hoy la profesi\u00f3n necesita imperiosamente&nbsp; cambiar, por eso nos juntamos para trabajar en ese cambio y pedimos que nos&nbsp; acompa\u00f1en en el trabajo que emprendimos.<\/p>\n\n\n\n<p>Es la hora de hacer res\u00famenes, repasos y reflexiones pero mejor, con un manojo de las\u00a0 experiencias vividas, imaginar para todo un futuro mejor, compartirlo y continuar trabajando\u00a0 mancomunadamente desde el lugar que nos ocupa para que el 2022 traiga una mayor y mejor\u00a0 calidad y profesionalismo.<br>Hoy <strong>Pluralidad Inmobiliaria<\/strong> se fortalece d\u00eda a d\u00eda y entre todos llevaremos adelante las\u00a0 propuestas indicadas, a todos \u201cMuchas Gracias por su Apoyo\u201d y a continuar trabajando.<\/p>\n\n\n\n<figure class=\"wp-block-image size-full\"><img decoding=\"async\" width=\"841\" height=\"630\" data-attachment-id=\"102276\" data-permalink=\"https:\/\/eldiariodesanpedro.com.ar\/sitio\/brindis-de-fin-de-ano-con-gran-concurrencia-de-pluralidad-inmobiliaria\/imagen2\/\" data-orig-file=\"https:\/\/eldiariodesanpedro.com.ar\/sitio\/wp-content\/uploads\/2021\/12\/Imagen2.jpg\" data-orig-size=\"841,630\" data-comments-opened=\"0\" data-image-meta=\"{&quot;aperture&quot;:&quot;0&quot;,&quot;credit&quot;:&quot;&quot;,&quot;camera&quot;:&quot;&quot;,&quot;caption&quot;:&quot;&quot;,&quot;created_timestamp&quot;:&quot;0&quot;,&quot;copyright&quot;:&quot;&quot;,&quot;focal_length&quot;:&quot;0&quot;,&quot;iso&quot;:&quot;0&quot;,&quot;shutter_speed&quot;:&quot;0&quot;,&quot;title&quot;:&quot;&quot;,&quot;orientation&quot;:&quot;0&quot;}\" data-image-title=\"Imagen2\" data-image-description=\"\" data-image-caption=\"\" data-large-file=\"https:\/\/eldiariodesanpedro.com.ar\/sitio\/wp-content\/uploads\/2021\/12\/Imagen2.jpg\" data-src=\"https:\/\/eldiariodesanpedro.com.ar\/sitio\/wp-content\/uploads\/2021\/12\/Imagen2.jpg\" alt=\"\" class=\"wp-image-102276 lazyload\" data-srcset=\"https:\/\/eldiariodesanpedro.com.ar\/sitio\/wp-content\/uploads\/2021\/12\/Imagen2.jpg 841w, https:\/\/eldiariodesanpedro.com.ar\/sitio\/wp-content\/uploads\/2021\/12\/Imagen2-300x225.jpg 300w, https:\/\/eldiariodesanpedro.com.ar\/sitio\/wp-content\/uploads\/2021\/12\/Imagen2-768x575.jpg 768w, https:\/\/eldiariodesanpedro.com.ar\/sitio\/wp-content\/uploads\/2021\/12\/Imagen2-500x375.jpg 500w\" data-sizes=\"(max-width: 841px) 100vw, 841px\" src=\"data:image\/svg+xml;base64,PHN2ZyB3aWR0aD0iMSIgaGVpZ2h0PSIxIiB4bWxucz0iaHR0cDovL3d3dy53My5vcmcvMjAwMC9zdmciPjwvc3ZnPg==\" style=\"--smush-placeholder-width: 841px; --smush-placeholder-aspect-ratio: 841\/630;\" \/><\/figure>\n\n\n\n<figure class=\"wp-block-image size-full\"><img decoding=\"async\" width=\"838\" height=\"558\" data-attachment-id=\"102277\" data-permalink=\"https:\/\/eldiariodesanpedro.com.ar\/sitio\/brindis-de-fin-de-ano-con-gran-concurrencia-de-pluralidad-inmobiliaria\/imagen3\/\" data-orig-file=\"https:\/\/eldiariodesanpedro.com.ar\/sitio\/wp-content\/uploads\/2021\/12\/Imagen3.jpg\" data-orig-size=\"838,558\" data-comments-opened=\"0\" data-image-meta=\"{&quot;aperture&quot;:&quot;0&quot;,&quot;credit&quot;:&quot;&quot;,&quot;camera&quot;:&quot;&quot;,&quot;caption&quot;:&quot;&quot;,&quot;created_timestamp&quot;:&quot;0&quot;,&quot;copyright&quot;:&quot;&quot;,&quot;focal_length&quot;:&quot;0&quot;,&quot;iso&quot;:&quot;0&quot;,&quot;shutter_speed&quot;:&quot;0&quot;,&quot;title&quot;:&quot;&quot;,&quot;orientation&quot;:&quot;0&quot;}\" data-image-title=\"Imagen3\" data-image-description=\"\" data-image-caption=\"\" data-large-file=\"https:\/\/eldiariodesanpedro.com.ar\/sitio\/wp-content\/uploads\/2021\/12\/Imagen3.jpg\" data-src=\"https:\/\/eldiariodesanpedro.com.ar\/sitio\/wp-content\/uploads\/2021\/12\/Imagen3.jpg\" alt=\"\" class=\"wp-image-102277 lazyload\" data-srcset=\"https:\/\/eldiariodesanpedro.com.ar\/sitio\/wp-content\/uploads\/2021\/12\/Imagen3.jpg 838w, https:\/\/eldiariodesanpedro.com.ar\/sitio\/wp-content\/uploads\/2021\/12\/Imagen3-300x200.jpg 300w, https:\/\/eldiariodesanpedro.com.ar\/sitio\/wp-content\/uploads\/2021\/12\/Imagen3-768x511.jpg 768w\" data-sizes=\"(max-width: 838px) 100vw, 838px\" src=\"data:image\/svg+xml;base64,PHN2ZyB3aWR0aD0iMSIgaGVpZ2h0PSIxIiB4bWxucz0iaHR0cDovL3d3dy53My5vcmcvMjAwMC9zdmciPjwvc3ZnPg==\" style=\"--smush-placeholder-width: 838px; --smush-placeholder-aspect-ratio: 838\/558;\" \/><\/figure>\n\n\n\n<figure class=\"wp-block-image size-full\"><img decoding=\"async\" width=\"841\" height=\"630\" data-attachment-id=\"102279\" data-permalink=\"https:\/\/eldiariodesanpedro.com.ar\/sitio\/brindis-de-fin-de-ano-con-gran-concurrencia-de-pluralidad-inmobiliaria\/imagen5\/\" data-orig-file=\"https:\/\/eldiariodesanpedro.com.ar\/sitio\/wp-content\/uploads\/2021\/12\/Imagen5.jpg\" data-orig-size=\"841,630\" data-comments-opened=\"0\" data-image-meta=\"{&quot;aperture&quot;:&quot;0&quot;,&quot;credit&quot;:&quot;&quot;,&quot;camera&quot;:&quot;&quot;,&quot;caption&quot;:&quot;&quot;,&quot;created_timestamp&quot;:&quot;0&quot;,&quot;copyright&quot;:&quot;&quot;,&quot;focal_length&quot;:&quot;0&quot;,&quot;iso&quot;:&quot;0&quot;,&quot;shutter_speed&quot;:&quot;0&quot;,&quot;title&quot;:&quot;&quot;,&quot;orientation&quot;:&quot;0&quot;}\" data-image-title=\"Imagen5\" data-image-description=\"\" data-image-caption=\"\" data-large-file=\"https:\/\/eldiariodesanpedro.com.ar\/sitio\/wp-content\/uploads\/2021\/12\/Imagen5.jpg\" data-src=\"https:\/\/eldiariodesanpedro.com.ar\/sitio\/wp-content\/uploads\/2021\/12\/Imagen5.jpg\" alt=\"\" class=\"wp-image-102279 lazyload\" data-srcset=\"https:\/\/eldiariodesanpedro.com.ar\/sitio\/wp-content\/uploads\/2021\/12\/Imagen5.jpg 841w, https:\/\/eldiariodesanpedro.com.ar\/sitio\/wp-content\/uploads\/2021\/12\/Imagen5-300x225.jpg 300w, https:\/\/eldiariodesanpedro.com.ar\/sitio\/wp-content\/uploads\/2021\/12\/Imagen5-768x575.jpg 768w, https:\/\/eldiariodesanpedro.com.ar\/sitio\/wp-content\/uploads\/2021\/12\/Imagen5-500x375.jpg 500w\" data-sizes=\"(max-width: 841px) 100vw, 841px\" src=\"data:image\/svg+xml;base64,PHN2ZyB3aWR0aD0iMSIgaGVpZ2h0PSIxIiB4bWxucz0iaHR0cDovL3d3dy53My5vcmcvMjAwMC9zdmciPjwvc3ZnPg==\" style=\"--smush-placeholder-width: 841px; --smush-placeholder-aspect-ratio: 841\/630;\" \/><\/figure>\n\n\n\n<figure class=\"wp-block-image size-full\"><img decoding=\"async\" width=\"853\" height=\"568\" data-attachment-id=\"102280\" data-permalink=\"https:\/\/eldiariodesanpedro.com.ar\/sitio\/brindis-de-fin-de-ano-con-gran-concurrencia-de-pluralidad-inmobiliaria\/imagen6\/\" data-orig-file=\"https:\/\/eldiariodesanpedro.com.ar\/sitio\/wp-content\/uploads\/2021\/12\/Imagen6.jpg\" data-orig-size=\"853,568\" data-comments-opened=\"0\" data-image-meta=\"{&quot;aperture&quot;:&quot;0&quot;,&quot;credit&quot;:&quot;&quot;,&quot;camera&quot;:&quot;&quot;,&quot;caption&quot;:&quot;&quot;,&quot;created_timestamp&quot;:&quot;0&quot;,&quot;copyright&quot;:&quot;&quot;,&quot;focal_length&quot;:&quot;0&quot;,&quot;iso&quot;:&quot;0&quot;,&quot;shutter_speed&quot;:&quot;0&quot;,&quot;title&quot;:&quot;&quot;,&quot;orientation&quot;:&quot;0&quot;}\" data-image-title=\"Imagen6\" data-image-description=\"\" data-image-caption=\"\" data-large-file=\"https:\/\/eldiariodesanpedro.com.ar\/sitio\/wp-content\/uploads\/2021\/12\/Imagen6.jpg\" data-src=\"https:\/\/eldiariodesanpedro.com.ar\/sitio\/wp-content\/uploads\/2021\/12\/Imagen6.jpg\" alt=\"\" class=\"wp-image-102280 lazyload\" data-srcset=\"https:\/\/eldiariodesanpedro.com.ar\/sitio\/wp-content\/uploads\/2021\/12\/Imagen6.jpg 853w, https:\/\/eldiariodesanpedro.com.ar\/sitio\/wp-content\/uploads\/2021\/12\/Imagen6-300x200.jpg 300w, https:\/\/eldiariodesanpedro.com.ar\/sitio\/wp-content\/uploads\/2021\/12\/Imagen6-768x511.jpg 768w\" data-sizes=\"(max-width: 853px) 100vw, 853px\" src=\"data:image\/svg+xml;base64,PHN2ZyB3aWR0aD0iMSIgaGVpZ2h0PSIxIiB4bWxucz0iaHR0cDovL3d3dy53My5vcmcvMjAwMC9zdmciPjwvc3ZnPg==\" style=\"--smush-placeholder-width: 853px; --smush-placeholder-aspect-ratio: 853\/568;\" \/><\/figure>\n","protected":false},"excerpt":{"rendered":"<p>Pluralidad Inmobiliaria cerr\u00f3 el a\u00f1o con una cena llevada a cabo el pasado 13 de Diciembre&nbsp; en el Restaurante Centro Vasco \u2013 Franc\u00e9s.- Precedida por Alejandro Juan Bennazar, H\u00e9ctor Men\u00e9ndez, Eduardo Di Fini, cena de la que&nbsp; participaron un sin n\u00famero de inmobiliarios entre los que mencionamos Alejandra Covello Dora&nbsp; Galarza Laura Soto, Claudio Vod\u00e0novich, [&hellip;]<\/p>\n","protected":false},"author":4,"featured_media":102275,"comment_status":"closed","ping_status":"closed","sticky":false,"template":"","format":"standard","meta":{"om_disable_all_campaigns":false,"_jetpack_memberships_contains_paid_content":false,"footnotes":""},"categories":[621],"tags":[2551,197],"class_list":["post-102274","post","type-post","status-publish","format-standard","has-post-thumbnail","hentry","category-regionales","tag-brindis-de-fin-de-ano-con-gran-concurrencia-de-pluralidad-inmobiliaria","tag-buenos-aires"],"aioseo_notices":[],"gutentor_comment":0,"jetpack_featured_media_url":"https:\/\/eldiariodesanpedro.com.ar\/sitio\/wp-content\/uploads\/2021\/12\/Imagen1.png","jetpack_shortlink":"https:\/\/wp.me\/p6RhLt-qBA","jetpack_sharing_enabled":true,"_links":{"self":[{"href":"https:\/\/eldiariodesanpedro.com.ar\/sitio\/wp-json\/wp\/v2\/posts\/102274","targetHints":{"allow":["GET"]}}],"collection":[{"href":"https:\/\/eldiariodesanpedro.com.ar\/sitio\/wp-json\/wp\/v2\/posts"}],"about":[{"href":"https:\/\/eldiariodesanpedro.com.ar\/sitio\/wp-json\/wp\/v2\/types\/post"}],"author":[{"embeddable":true,"href":"https:\/\/eldiariodesanpedro.com.ar\/sitio\/wp-json\/wp\/v2\/users\/4"}],"replies":[{"embeddable":true,"href":"https:\/\/eldiariodesanpedro.com.ar\/sitio\/wp-json\/wp\/v2\/comments?post=102274"}],"version-history":[{"count":1,"href":"https:\/\/eldiariodesanpedro.com.ar\/sitio\/wp-json\/wp\/v2\/posts\/102274\/revisions"}],"predecessor-version":[{"id":102281,"href":"https:\/\/eldiariodesanpedro.com.ar\/sitio\/wp-json\/wp\/v2\/posts\/102274\/revisions\/102281"}],"wp:featuredmedia":[{"embeddable":true,"href":"https:\/\/eldiariodesanpedro.com.ar\/sitio\/wp-json\/wp\/v2\/media\/102275"}],"wp:attachment":[{"href":"https:\/\/eldiariodesanpedro.com.ar\/sitio\/wp-json\/wp\/v2\/media?parent=102274"}],"wp:term":[{"taxonomy":"category","embeddable":true,"href":"https:\/\/eldiariodesanpedro.com.ar\/sitio\/wp-json\/wp\/v2\/categories?post=102274"},{"taxonomy":"post_tag","embeddable":true,"href":"https:\/\/eldiariodesanpedro.com.ar\/sitio\/wp-json\/wp\/v2\/tags?post=102274"}],"curies":[{"name":"wp","href":"https:\/\/api.w.org\/{rel}","templated":true}]}}