{"id":102272,"date":"2021-12-15T16:39:51","date_gmt":"2021-12-15T19:39:51","guid":{"rendered":"https:\/\/eldiariodesanpedro.com.ar\/sitio\/?p=102272"},"modified":"2021-12-15T16:39:58","modified_gmt":"2021-12-15T19:39:58","slug":"edicto-de-sucesion-de-nestor-felipe-alarcon","status":"publish","type":"post","link":"https:\/\/eldiariodesanpedro.com.ar\/sitio\/edicto-de-sucesion-de-nestor-felipe-alarcon\/","title":{"rendered":"Edicto de Sucesi\u00f3n de Nestor Felipe Alarcon"},"content":{"rendered":"<!-- VideographyWP Plugin Message: Automatic video embedding prevented by plugin options. -->\n\n<p>El Juzgado de Paz Letrado de San Pedro, cita y emplaza por 30 d\u00edas a herederos y acreedores de don <strong>Nestor Felipe Alarcon<\/strong>.- San Pedro, 15 de diciembre de 2021.-<\/p>\n\n\n\n<p>FACUNDO VELL\u00d3N<br>ABOGADO SECRETARIO<\/p>\n\n\n\n<p>(Publicaci\u00f3n v\u00e1lida los d\u00edas 15,16 y 17 de diciembre)<\/p>\n","protected":false},"excerpt":{"rendered":"<p>El Juzgado de Paz Letrado de San Pedro, cita y emplaza por 30 d\u00edas a herederos y acreedores de don Nestor Felipe Alarcon.- San Pedro, 15 de diciembre de 2021.- FACUNDO VELL\u00d3NABOGADO SECRETARIO (Publicaci\u00f3n v\u00e1lida los d\u00edas 15,16 y 17 de diciembre)<\/p>\n","protected":false},"author":4,"featured_media":81115,"comment_status":"closed","ping_status":"closed","sticky":false,"template":"","format":"standard","meta":{"om_disable_all_campaigns":false,"_jetpack_memberships_contains_paid_content":false,"footnotes":""},"categories":[2],"tags":[197,2550,696,33,95,19],"class_list":["post-102272","post","type-post","status-publish","format-standard","has-post-thumbnail","hentry","category-locales","tag-buenos-aires","tag-edicto-de-sucesion-de-nestor-felipe-alarcon","tag-interes-general","tag-locales","tag-policiales","tag-san-pedro"],"aioseo_notices":[],"gutentor_comment":0,"jetpack_featured_media_url":"https:\/\/eldiariodesanpedro.com.ar\/sitio\/wp-content\/uploads\/2020\/09\/Poder-Judicial.jpg","jetpack_shortlink":"https:\/\/wp.me\/p6RhLt-qBy","jetpack_sharing_enabled":true,"_links":{"self":[{"href":"https:\/\/eldiariodesanpedro.com.ar\/sitio\/wp-json\/wp\/v2\/posts\/102272","targetHints":{"allow":["GET"]}}],"collection":[{"href":"https:\/\/eldiariodesanpedro.com.ar\/sitio\/wp-json\/wp\/v2\/posts"}],"about":[{"href":"https:\/\/eldiariodesanpedro.com.ar\/sitio\/wp-json\/wp\/v2\/types\/post"}],"author":[{"embeddable":true,"href":"https:\/\/eldiariodesanpedro.com.ar\/sitio\/wp-json\/wp\/v2\/users\/4"}],"replies":[{"embeddable":true,"href":"https:\/\/eldiariodesanpedro.com.ar\/sitio\/wp-json\/wp\/v2\/comments?post=102272"}],"version-history":[{"count":1,"href":"https:\/\/eldiariodesanpedro.com.ar\/sitio\/wp-json\/wp\/v2\/posts\/102272\/revisions"}],"predecessor-version":[{"id":102273,"href":"https:\/\/eldiariodesanpedro.com.ar\/sitio\/wp-json\/wp\/v2\/posts\/102272\/revisions\/102273"}],"wp:featuredmedia":[{"embeddable":true,"href":"https:\/\/eldiariodesanpedro.com.ar\/sitio\/wp-json\/wp\/v2\/media\/81115"}],"wp:attachment":[{"href":"https:\/\/eldiariodesanpedro.com.ar\/sitio\/wp-json\/wp\/v2\/media?parent=102272"}],"wp:term":[{"taxonomy":"category","embeddable":true,"href":"https:\/\/eldiariodesanpedro.com.ar\/sitio\/wp-json\/wp\/v2\/categories?post=102272"},{"taxonomy":"post_tag","embeddable":true,"href":"https:\/\/eldiariodesanpedro.com.ar\/sitio\/wp-json\/wp\/v2\/tags?post=102272"}],"curies":[{"name":"wp","href":"https:\/\/api.w.org\/{rel}","templated":true}]}}