{"id":102265,"date":"2021-12-15T16:14:00","date_gmt":"2021-12-15T19:14:00","guid":{"rendered":"https:\/\/eldiariodesanpedro.com.ar\/sitio\/?p=102265"},"modified":"2021-12-15T16:14:01","modified_gmt":"2021-12-15T19:14:01","slug":"un-2021-con-renovacion-de-equipamiento-meteorologico-para-el-inta-san-pedro","status":"publish","type":"post","link":"https:\/\/eldiariodesanpedro.com.ar\/sitio\/un-2021-con-renovacion-de-equipamiento-meteorologico-para-el-inta-san-pedro\/","title":{"rendered":"Un 2021 con renovaci\u00f3n de equipamiento meteorol\u00f3gico para el INTA San Pedro"},"content":{"rendered":"<!-- VideographyWP Plugin Message: Automatic video embedding prevented by plugin options. -->\n\n<p>Desde 1965 se recopila informaci\u00f3n meteorol\u00f3gica a trav\u00e9s de una estaci\u00f3n convencional en el INTA San Pedro. Esta informaci\u00f3n se fue mejorando a trav\u00e9s de la incorporaci\u00f3n de tecnolog\u00eda digital y conexi\u00f3n a internet. Sin embargo, algunos equipos hab\u00edan dejado de funcionar y su reposici\u00f3n era dif\u00edcil. Este a\u00f1o que finaliza, por fin se pudo reemplazar uno de los equipos con que se contaba instalando una Estaci\u00f3n Meteorol\u00f3gica Autom\u00e1tica I Methos EcoD3 de Pessl Instruments, cuya adquisici\u00f3n fue posible gracias al aporte de la Asociaci\u00f3n Cooperadora con algunos recursos generados por su actividad econ\u00f3mica que vuelven en innovaci\u00f3n, desarrollo y capacidades al territorio. Tambi\u00e9n hubo aportes del INTA para el acondicionamiento del espacio y reemplazo de sensores.<\/p>\n\n\n\n<p>El cambio de la casilla que permite guardar el instrumental que registra \u201cen abrigo\u201d corona simb\u00f3licamente esta renovaci\u00f3n, ya que se trata de una caracter\u00edstica que une a todas las estaciones meteorol\u00f3gicas del mundo en su estandarizaci\u00f3n. La casilla blanca tiene forma de prisma rectangular con paredes construidas por persianas simples inclinadas a 45\u00ba, con el piso ubicado a 1,50 metros del nivel del suelo, permite proteger los instrumentos de medici\u00f3n que se colocan en su interior de tal forma que los rayos solares no incidan sobre los aparatos que est\u00e0n alojados dentro al abrir la puerta.<\/p>\n\n\n\n<p>Por otro lado, Franco Lazzari aprob\u00f3 la fase en l\u00ednea del curso intensivo \u00abObservaciones Meteorol\u00f3gicas\u00bb, destinado a los pa\u00edses que integran la Organizaci\u00f3n Mundial Meteorol\u00f3gica (OMM), devolviendo al INTA una formaci\u00f3n que tuvo el primer responsable del \u00e1rea, Ra\u00fal Uviedo. El curso no se dictaba desde hace tiempo, pero las posibilidades de la virtualidad lo trajeron de vuelta, con una dedicaci\u00f3n total de 540 horas y docentes integrantes del Servicio Meteorol\u00f3gico Nacional.<\/p>\n\n\n\n<p><strong>Importancia de la Estaci\u00f3n y v\u00ednculo con \u201cel mundo\u201d<br><\/strong>La casilla de medici\u00f3n que permite medir de forma fiable la temperatura del aire y poder compararla a nivel mundial. El llamado \u201cabrigo meteorol\u00f3gico\u201d, es una garita de forma y dimensiones estandarizadas que se encuentra en cualquier observatorio oficial del mundo. Fue dise\u00f1ada por primera vez por un ingeniero escoc\u00e9s en 1864, luego modificada veinte a\u00f1os m\u00e1s tarde por un miembro de la Royal Meteorological Society, Edward Mawley. Esta \u00faltima versi\u00f3n fue adoptada por la Oficina Meteorol\u00f3gica Brit\u00e1nica, y posteriormente se incorpor\u00f3 a los Servicios Meteorol\u00f3gicos de otros pa\u00edses hasta ser homologada por la OMM. Hoy en d\u00eda, se cuentan por miles las garitas Stevenson que hay diseminadas por toda la Tierra, de tama\u00f1os variables, pues las hay m\u00e1s peque\u00f1as y m\u00e1s grandes, pero todas ellas de madera pintada de blanco y con la caracter\u00edstica doble persiana.<\/p>\n\n\n\n<figure class=\"wp-block-image size-full\"><img decoding=\"async\" width=\"473\" height=\"630\" data-attachment-id=\"102267\" data-permalink=\"https:\/\/eldiariodesanpedro.com.ar\/sitio\/un-2021-con-renovacion-de-equipamiento-meteorologico-para-el-inta-san-pedro\/5cb93950-02e4-21a9-62f7-8d1b64b88e7e\/\" data-orig-file=\"https:\/\/eldiariodesanpedro.com.ar\/sitio\/wp-content\/uploads\/2021\/12\/5cb93950-02e4-21a9-62f7-8d1b64b88e7e.jpeg\" data-orig-size=\"473,630\" data-comments-opened=\"0\" data-image-meta=\"{&quot;aperture&quot;:&quot;0&quot;,&quot;credit&quot;:&quot;&quot;,&quot;camera&quot;:&quot;&quot;,&quot;caption&quot;:&quot;&quot;,&quot;created_timestamp&quot;:&quot;0&quot;,&quot;copyright&quot;:&quot;&quot;,&quot;focal_length&quot;:&quot;0&quot;,&quot;iso&quot;:&quot;0&quot;,&quot;shutter_speed&quot;:&quot;0&quot;,&quot;title&quot;:&quot;&quot;,&quot;orientation&quot;:&quot;0&quot;}\" data-image-title=\"5cb93950-02e4-21a9-62f7-8d1b64b88e7e\" data-image-description=\"\" data-image-caption=\"\" data-large-file=\"https:\/\/eldiariodesanpedro.com.ar\/sitio\/wp-content\/uploads\/2021\/12\/5cb93950-02e4-21a9-62f7-8d1b64b88e7e.jpeg\" data-src=\"https:\/\/eldiariodesanpedro.com.ar\/sitio\/wp-content\/uploads\/2021\/12\/5cb93950-02e4-21a9-62f7-8d1b64b88e7e.jpeg\" alt=\"\" class=\"wp-image-102267 lazyload\" data-srcset=\"https:\/\/eldiariodesanpedro.com.ar\/sitio\/wp-content\/uploads\/2021\/12\/5cb93950-02e4-21a9-62f7-8d1b64b88e7e.jpeg 473w, https:\/\/eldiariodesanpedro.com.ar\/sitio\/wp-content\/uploads\/2021\/12\/5cb93950-02e4-21a9-62f7-8d1b64b88e7e-225x300.jpeg 225w\" data-sizes=\"(max-width: 473px) 100vw, 473px\" src=\"data:image\/svg+xml;base64,PHN2ZyB3aWR0aD0iMSIgaGVpZ2h0PSIxIiB4bWxucz0iaHR0cDovL3d3dy53My5vcmcvMjAwMC9zdmciPjwvc3ZnPg==\" style=\"--smush-placeholder-width: 473px; --smush-placeholder-aspect-ratio: 473\/630;\" \/><\/figure>\n","protected":false},"excerpt":{"rendered":"<p>Desde 1965 se recopila informaci\u00f3n meteorol\u00f3gica a trav\u00e9s de una estaci\u00f3n convencional en el INTA San Pedro. Esta informaci\u00f3n se fue mejorando a trav\u00e9s de la incorporaci\u00f3n de tecnolog\u00eda digital y conexi\u00f3n a internet. Sin embargo, algunos equipos hab\u00edan dejado de funcionar y su reposici\u00f3n era dif\u00edcil. Este a\u00f1o que finaliza, por fin se pudo [&hellip;]<\/p>\n","protected":false},"author":4,"featured_media":102266,"comment_status":"closed","ping_status":"closed","sticky":false,"template":"","format":"standard","meta":{"om_disable_all_campaigns":false,"_jetpack_memberships_contains_paid_content":false,"footnotes":""},"categories":[101,2],"tags":[],"class_list":["post-102265","post","type-post","status-publish","format-standard","has-post-thumbnail","hentry","category-interes-general-locales","category-locales"],"aioseo_notices":[],"gutentor_comment":0,"jetpack_featured_media_url":"https:\/\/eldiariodesanpedro.com.ar\/sitio\/wp-content\/uploads\/2021\/12\/whatsapp_image_2021-12-15_at_08.15.00b.jpeg","jetpack_shortlink":"https:\/\/wp.me\/p6RhLt-qBr","jetpack_sharing_enabled":true,"_links":{"self":[{"href":"https:\/\/eldiariodesanpedro.com.ar\/sitio\/wp-json\/wp\/v2\/posts\/102265","targetHints":{"allow":["GET"]}}],"collection":[{"href":"https:\/\/eldiariodesanpedro.com.ar\/sitio\/wp-json\/wp\/v2\/posts"}],"about":[{"href":"https:\/\/eldiariodesanpedro.com.ar\/sitio\/wp-json\/wp\/v2\/types\/post"}],"author":[{"embeddable":true,"href":"https:\/\/eldiariodesanpedro.com.ar\/sitio\/wp-json\/wp\/v2\/users\/4"}],"replies":[{"embeddable":true,"href":"https:\/\/eldiariodesanpedro.com.ar\/sitio\/wp-json\/wp\/v2\/comments?post=102265"}],"version-history":[{"count":1,"href":"https:\/\/eldiariodesanpedro.com.ar\/sitio\/wp-json\/wp\/v2\/posts\/102265\/revisions"}],"predecessor-version":[{"id":102268,"href":"https:\/\/eldiariodesanpedro.com.ar\/sitio\/wp-json\/wp\/v2\/posts\/102265\/revisions\/102268"}],"wp:featuredmedia":[{"embeddable":true,"href":"https:\/\/eldiariodesanpedro.com.ar\/sitio\/wp-json\/wp\/v2\/media\/102266"}],"wp:attachment":[{"href":"https:\/\/eldiariodesanpedro.com.ar\/sitio\/wp-json\/wp\/v2\/media?parent=102265"}],"wp:term":[{"taxonomy":"category","embeddable":true,"href":"https:\/\/eldiariodesanpedro.com.ar\/sitio\/wp-json\/wp\/v2\/categories?post=102265"},{"taxonomy":"post_tag","embeddable":true,"href":"https:\/\/eldiariodesanpedro.com.ar\/sitio\/wp-json\/wp\/v2\/tags?post=102265"}],"curies":[{"name":"wp","href":"https:\/\/api.w.org\/{rel}","templated":true}]}}