{"id":102262,"date":"2021-12-15T15:45:47","date_gmt":"2021-12-15T18:45:47","guid":{"rendered":"https:\/\/eldiariodesanpedro.com.ar\/sitio\/?p=102262"},"modified":"2021-12-15T15:45:49","modified_gmt":"2021-12-15T18:45:49","slug":"sampedrino-detenido-por-el-abuso-sexual-con-acceso-carnal-de-una-nina-de-14-anos-que-era-su-hijastra","status":"publish","type":"post","link":"https:\/\/eldiariodesanpedro.com.ar\/sitio\/sampedrino-detenido-por-el-abuso-sexual-con-acceso-carnal-de-una-nina-de-14-anos-que-era-su-hijastra\/","title":{"rendered":"Sampedrino detenido por el abuso sexual con acceso carnal de una ni\u00f1a de 14 a\u00f1os que era su hijastra"},"content":{"rendered":"<!-- VideographyWP Plugin Message: Automatic video embedding prevented by plugin options. -->\n\n<p>Este mi\u00e9rcoles la DDI de San Pedro llev\u00f3 a cabo la detenci\u00f3n de un joven acusado de abuso sexual sobre una ni\u00f1a de 14 a\u00f1os.<\/p>\n\n\n\n<p>La denuncia fue realizada en abril de 2019 donde una mujer quees identificada como la tia de la victima radico la corresondiente denuncia en la Comisaria de la Mujer y la Familia por el hecho de abuso sexual.<\/p>\n\n\n\n<p>Tras una investigacion la menor fue sitada a camara gessel donde se pudo comprobar que el padrastro de 23 a\u00f1os de edad le tocaba sus partes intimas por lo que el fiscal Dr. Marcelo Manso decidio caratular la causa como \u201cabuso sexual con acceso carnal agravado por el vinculo\u201d.<\/p>\n\n\n\n<p>Tras tareas investigativas el ciudadano se hab\u00eda ido a vivir a la localidad de Los Cardales donde fue encontrado, en ese marco, con todos los elementos probatorios, el Juzgado de Garant\u00edas interviniente,otorg\u00f3 la orden de allanamiento que se concret\u00f3 en dicha localidad, por parte de los Grupos Operativos de la fuerza de seguridad,&nbsp; logr\u00e1ndose hacer efectiva la detenci\u00f3n del imputado.<\/p>\n\n\n\n<p>El fiscala caratulo de esta manera el hecho debido a que la menor estaba al cuidado de esta persona y en convivencia.<\/p>\n","protected":false},"excerpt":{"rendered":"<p>Este mi\u00e9rcoles la DDI de San Pedro llev\u00f3 a cabo la detenci\u00f3n de un joven acusado de abuso sexual sobre una ni\u00f1a de 14 a\u00f1os. La denuncia fue realizada en abril de 2019 donde una mujer quees identificada como la tia de la victima radico la corresondiente denuncia en la Comisaria de la Mujer y [&hellip;]<\/p>\n","protected":false},"author":4,"featured_media":102263,"comment_status":"closed","ping_status":"closed","sticky":false,"template":"","format":"standard","meta":{"om_disable_all_campaigns":false,"_jetpack_memberships_contains_paid_content":false,"footnotes":""},"categories":[50,2,103],"tags":[197,696,33,95,2549,19],"class_list":["post-102262","post","type-post","status-publish","format-standard","has-post-thumbnail","hentry","category-destacadas","category-locales","category-policiales-locales","tag-buenos-aires","tag-interes-general","tag-locales","tag-policiales","tag-sampedrino-detenido-por-el-abuso-sexual-con-acceso-carnal-de-una-nina-de-14-anos-que-era-su-hijastra","tag-san-pedro"],"aioseo_notices":[],"gutentor_comment":0,"jetpack_featured_media_url":"https:\/\/eldiariodesanpedro.com.ar\/sitio\/wp-content\/uploads\/2021\/12\/Detenido-Cardales.jpg","jetpack_shortlink":"https:\/\/wp.me\/p6RhLt-qBo","jetpack_sharing_enabled":true,"_links":{"self":[{"href":"https:\/\/eldiariodesanpedro.com.ar\/sitio\/wp-json\/wp\/v2\/posts\/102262","targetHints":{"allow":["GET"]}}],"collection":[{"href":"https:\/\/eldiariodesanpedro.com.ar\/sitio\/wp-json\/wp\/v2\/posts"}],"about":[{"href":"https:\/\/eldiariodesanpedro.com.ar\/sitio\/wp-json\/wp\/v2\/types\/post"}],"author":[{"embeddable":true,"href":"https:\/\/eldiariodesanpedro.com.ar\/sitio\/wp-json\/wp\/v2\/users\/4"}],"replies":[{"embeddable":true,"href":"https:\/\/eldiariodesanpedro.com.ar\/sitio\/wp-json\/wp\/v2\/comments?post=102262"}],"version-history":[{"count":1,"href":"https:\/\/eldiariodesanpedro.com.ar\/sitio\/wp-json\/wp\/v2\/posts\/102262\/revisions"}],"predecessor-version":[{"id":102264,"href":"https:\/\/eldiariodesanpedro.com.ar\/sitio\/wp-json\/wp\/v2\/posts\/102262\/revisions\/102264"}],"wp:featuredmedia":[{"embeddable":true,"href":"https:\/\/eldiariodesanpedro.com.ar\/sitio\/wp-json\/wp\/v2\/media\/102263"}],"wp:attachment":[{"href":"https:\/\/eldiariodesanpedro.com.ar\/sitio\/wp-json\/wp\/v2\/media?parent=102262"}],"wp:term":[{"taxonomy":"category","embeddable":true,"href":"https:\/\/eldiariodesanpedro.com.ar\/sitio\/wp-json\/wp\/v2\/categories?post=102262"},{"taxonomy":"post_tag","embeddable":true,"href":"https:\/\/eldiariodesanpedro.com.ar\/sitio\/wp-json\/wp\/v2\/tags?post=102262"}],"curies":[{"name":"wp","href":"https:\/\/api.w.org\/{rel}","templated":true}]}}