{"id":102255,"date":"2021-12-15T15:06:17","date_gmt":"2021-12-15T18:06:17","guid":{"rendered":"https:\/\/eldiariodesanpedro.com.ar\/sitio\/?p=102255"},"modified":"2021-12-15T15:06:18","modified_gmt":"2021-12-15T18:06:18","slug":"cierre-anual-del-consejo-de-articulacion-de-politicas-de-genero-y-diversidad-sexual","status":"publish","type":"post","link":"https:\/\/eldiariodesanpedro.com.ar\/sitio\/cierre-anual-del-consejo-de-articulacion-de-politicas-de-genero-y-diversidad-sexual\/","title":{"rendered":"Cierre Anual del Consejo de Articulaci\u00f3n de Pol\u00edticas de G\u00e9nero y Diversidad Sexual"},"content":{"rendered":"<!-- VideographyWP Plugin Message: Automatic video embedding prevented by plugin options. -->\n\n<p>La subsecretaria de Pol\u00edticas de G\u00e9nero, Mujeres y Diversidad, Laura Monfasani, particip\u00f3 este martes de la reuni\u00f3n virtual convocada por el ministerio de Mujeres, Pol\u00edticas de G\u00e9nero y Diversidad Sexual, en el marco del cierre del Consejo de Articulaci\u00f3n de Pol\u00edticas de G\u00e9nero y Diversidad Sexual, con los municipios.<\/p>\n\n\n\n<p>Del encuentro particip\u00f3 la ministra bonaerense Estela D\u00edaz y representantes de 90 municipios de la provincia de Buenos Aires. D\u00edaz comenz\u00f3 su exposici\u00f3n destacando la sentencia al expolic\u00eda femicida, Mat\u00edas Ezequiel Mart\u00ednez, quien asesin\u00f3 el 8 de febrero de este a\u00f1o a \u00darsula Bahillo y fuera condenado a prisi\u00f3n perpetua por \u00abhomicidio triplemente agravado por el v\u00ednculo, alevos\u00eda y por femicidio\u00bb.<\/p>\n\n\n\n<p>Tras destacar el avance en pol\u00edticas de g\u00e9nero en los dos primeros a\u00f1os de existencia de ministerios creados a tal fin, y a\u00fan en el contexto pand\u00e9mico, dio cuenta del desaf\u00edo, de cara al 2022, de dise\u00f1ar \u00abpol\u00edticas innovadoras que aborden temas centrales para erradicar violencias y desigualdades por cuestiones de g\u00e9nero\u00bb. En este sentido, anunci\u00f3 que se quintuplicar\u00e1 el monto previsto para el Fondo de emergencia para asistir a v\u00edctimas de violencia que llega a cada municipio.<\/p>\n\n\n\n<p>Desde el ministerio bonaerense tambi\u00e9n anunciaron que se trabajar\u00e1 en el marco del programa \u00abMunicipios por la igualdad\u00bb, que apuesta a reforzar las tareas en torno al desarrollo de pol\u00edticas p\u00fablicas con perspectiva de g\u00e9nero transversales a todas las gestiones municipales, pensando en tres ejes: la elaboraci\u00f3n de presupuestos con perspectiva de g\u00e9nero; el asesoramiento a los municipios en el desarrollo de pol\u00edticas p\u00fablicas; y el trabajo y la empleabilidad, entendi\u00e9ndolo como factor central para terminar con las desigualdades de las que son v\u00edctimas principalmente las mujeres y la comunidad LGBTIQ+.<\/p>\n\n\n\n<p>Por \u00faltimo, la ministra D\u00edaz destac\u00f3 que, en los \u00faltimos dos a\u00f1os, se crearon 59 \u00e1reas espec\u00edficas para trabajar cuestiones de g\u00e9nero, que se suman a las 65 que exist\u00edan antes del 2019. Actualmente solo 11 municipios bonaerenses no cuentan, dentro de su organigrama, con instancias estatales abocadas a la problem\u00e1tica.<\/p>\n\n\n\n<p>San Pedro, en tanto, integra el grupo de 14 municipios bonaerenses cuyas \u00e1reas espec\u00edficas cuentan con rango de subsecretar\u00eda o secretar\u00eda, por lo que recibi\u00f3 el reconocimiento ministerial por el compromiso de sus intendentes\/as en el desarrollo de pol\u00edticas para erradicar violencias por cuestiones de g\u00e9nero.<\/p>\n\n\n\n<figure class=\"wp-block-image size-large\"><img decoding=\"async\" width=\"1024\" height=\"544\" data-attachment-id=\"102257\" data-permalink=\"https:\/\/eldiariodesanpedro.com.ar\/sitio\/cierre-anual-del-consejo-de-articulacion-de-politicas-de-genero-y-diversidad-sexual\/whatsapp-image-2021-12-15-at-08-31-01\/\" data-orig-file=\"https:\/\/eldiariodesanpedro.com.ar\/sitio\/wp-content\/uploads\/2021\/12\/WhatsApp-Image-2021-12-15-at-08.31.01.jpeg\" data-orig-size=\"1186,630\" data-comments-opened=\"0\" data-image-meta=\"{&quot;aperture&quot;:&quot;0&quot;,&quot;credit&quot;:&quot;&quot;,&quot;camera&quot;:&quot;&quot;,&quot;caption&quot;:&quot;&quot;,&quot;created_timestamp&quot;:&quot;0&quot;,&quot;copyright&quot;:&quot;&quot;,&quot;focal_length&quot;:&quot;0&quot;,&quot;iso&quot;:&quot;0&quot;,&quot;shutter_speed&quot;:&quot;0&quot;,&quot;title&quot;:&quot;&quot;,&quot;orientation&quot;:&quot;0&quot;}\" data-image-title=\"WhatsApp Image 2021-12-15 at 08.31.01\" data-image-description=\"\" data-image-caption=\"\" data-large-file=\"https:\/\/eldiariodesanpedro.com.ar\/sitio\/wp-content\/uploads\/2021\/12\/WhatsApp-Image-2021-12-15-at-08.31.01-1024x544.jpeg\" data-src=\"https:\/\/eldiariodesanpedro.com.ar\/sitio\/wp-content\/uploads\/2021\/12\/WhatsApp-Image-2021-12-15-at-08.31.01-1024x544.jpeg\" alt=\"\" class=\"wp-image-102257 lazyload\" data-srcset=\"https:\/\/eldiariodesanpedro.com.ar\/sitio\/wp-content\/uploads\/2021\/12\/WhatsApp-Image-2021-12-15-at-08.31.01-1024x544.jpeg 1024w, https:\/\/eldiariodesanpedro.com.ar\/sitio\/wp-content\/uploads\/2021\/12\/WhatsApp-Image-2021-12-15-at-08.31.01-300x159.jpeg 300w, https:\/\/eldiariodesanpedro.com.ar\/sitio\/wp-content\/uploads\/2021\/12\/WhatsApp-Image-2021-12-15-at-08.31.01-768x408.jpeg 768w, https:\/\/eldiariodesanpedro.com.ar\/sitio\/wp-content\/uploads\/2021\/12\/WhatsApp-Image-2021-12-15-at-08.31.01.jpeg 1186w\" data-sizes=\"(max-width: 1024px) 100vw, 1024px\" src=\"data:image\/svg+xml;base64,PHN2ZyB3aWR0aD0iMSIgaGVpZ2h0PSIxIiB4bWxucz0iaHR0cDovL3d3dy53My5vcmcvMjAwMC9zdmciPjwvc3ZnPg==\" style=\"--smush-placeholder-width: 1024px; --smush-placeholder-aspect-ratio: 1024\/544;\" \/><\/figure>\n\n\n\n<figure class=\"wp-block-image size-full\"><img decoding=\"async\" width=\"450\" height=\"600\" data-attachment-id=\"102256\" data-permalink=\"https:\/\/eldiariodesanpedro.com.ar\/sitio\/cierre-anual-del-consejo-de-articulacion-de-politicas-de-genero-y-diversidad-sexual\/whatsapp-image-2021-12-15-at-08-31-00\/\" data-orig-file=\"https:\/\/eldiariodesanpedro.com.ar\/sitio\/wp-content\/uploads\/2021\/12\/WhatsApp-Image-2021-12-15-at-08.31.00.jpeg\" data-orig-size=\"450,600\" data-comments-opened=\"0\" data-image-meta=\"{&quot;aperture&quot;:&quot;0&quot;,&quot;credit&quot;:&quot;&quot;,&quot;camera&quot;:&quot;&quot;,&quot;caption&quot;:&quot;&quot;,&quot;created_timestamp&quot;:&quot;0&quot;,&quot;copyright&quot;:&quot;&quot;,&quot;focal_length&quot;:&quot;0&quot;,&quot;iso&quot;:&quot;0&quot;,&quot;shutter_speed&quot;:&quot;0&quot;,&quot;title&quot;:&quot;&quot;,&quot;orientation&quot;:&quot;0&quot;}\" data-image-title=\"WhatsApp Image 2021-12-15 at 08.31.00\" data-image-description=\"\" data-image-caption=\"\" data-large-file=\"https:\/\/eldiariodesanpedro.com.ar\/sitio\/wp-content\/uploads\/2021\/12\/WhatsApp-Image-2021-12-15-at-08.31.00.jpeg\" data-src=\"https:\/\/eldiariodesanpedro.com.ar\/sitio\/wp-content\/uploads\/2021\/12\/WhatsApp-Image-2021-12-15-at-08.31.00.jpeg\" alt=\"\" class=\"wp-image-102256 lazyload\" data-srcset=\"https:\/\/eldiariodesanpedro.com.ar\/sitio\/wp-content\/uploads\/2021\/12\/WhatsApp-Image-2021-12-15-at-08.31.00.jpeg 450w, https:\/\/eldiariodesanpedro.com.ar\/sitio\/wp-content\/uploads\/2021\/12\/WhatsApp-Image-2021-12-15-at-08.31.00-225x300.jpeg 225w\" data-sizes=\"(max-width: 450px) 100vw, 450px\" src=\"data:image\/svg+xml;base64,PHN2ZyB3aWR0aD0iMSIgaGVpZ2h0PSIxIiB4bWxucz0iaHR0cDovL3d3dy53My5vcmcvMjAwMC9zdmciPjwvc3ZnPg==\" style=\"--smush-placeholder-width: 450px; --smush-placeholder-aspect-ratio: 450\/600;\" \/><\/figure>\n","protected":false},"excerpt":{"rendered":"<p>La subsecretaria de Pol\u00edticas de G\u00e9nero, Mujeres y Diversidad, Laura Monfasani, particip\u00f3 este martes de la reuni\u00f3n virtual convocada por el ministerio de Mujeres, Pol\u00edticas de G\u00e9nero y Diversidad Sexual, en el marco del cierre del Consejo de Articulaci\u00f3n de Pol\u00edticas de G\u00e9nero y Diversidad Sexual, con los municipios. Del encuentro particip\u00f3 la ministra bonaerense [&hellip;]<\/p>\n","protected":false},"author":4,"featured_media":102258,"comment_status":"closed","ping_status":"closed","sticky":false,"template":"","format":"standard","meta":{"om_disable_all_campaigns":false,"_jetpack_memberships_contains_paid_content":false,"footnotes":""},"categories":[101,2],"tags":[197,33,19],"class_list":["post-102255","post","type-post","status-publish","format-standard","has-post-thumbnail","hentry","category-interes-general-locales","category-locales","tag-buenos-aires","tag-locales","tag-san-pedro"],"aioseo_notices":[],"gutentor_comment":0,"jetpack_featured_media_url":"https:\/\/eldiariodesanpedro.com.ar\/sitio\/wp-content\/uploads\/2021\/12\/WhatsApp-Image-2021-12-15-at-08.31.02.jpeg","jetpack_shortlink":"https:\/\/wp.me\/p6RhLt-qBh","jetpack_sharing_enabled":true,"_links":{"self":[{"href":"https:\/\/eldiariodesanpedro.com.ar\/sitio\/wp-json\/wp\/v2\/posts\/102255","targetHints":{"allow":["GET"]}}],"collection":[{"href":"https:\/\/eldiariodesanpedro.com.ar\/sitio\/wp-json\/wp\/v2\/posts"}],"about":[{"href":"https:\/\/eldiariodesanpedro.com.ar\/sitio\/wp-json\/wp\/v2\/types\/post"}],"author":[{"embeddable":true,"href":"https:\/\/eldiariodesanpedro.com.ar\/sitio\/wp-json\/wp\/v2\/users\/4"}],"replies":[{"embeddable":true,"href":"https:\/\/eldiariodesanpedro.com.ar\/sitio\/wp-json\/wp\/v2\/comments?post=102255"}],"version-history":[{"count":1,"href":"https:\/\/eldiariodesanpedro.com.ar\/sitio\/wp-json\/wp\/v2\/posts\/102255\/revisions"}],"predecessor-version":[{"id":102259,"href":"https:\/\/eldiariodesanpedro.com.ar\/sitio\/wp-json\/wp\/v2\/posts\/102255\/revisions\/102259"}],"wp:featuredmedia":[{"embeddable":true,"href":"https:\/\/eldiariodesanpedro.com.ar\/sitio\/wp-json\/wp\/v2\/media\/102258"}],"wp:attachment":[{"href":"https:\/\/eldiariodesanpedro.com.ar\/sitio\/wp-json\/wp\/v2\/media?parent=102255"}],"wp:term":[{"taxonomy":"category","embeddable":true,"href":"https:\/\/eldiariodesanpedro.com.ar\/sitio\/wp-json\/wp\/v2\/categories?post=102255"},{"taxonomy":"post_tag","embeddable":true,"href":"https:\/\/eldiariodesanpedro.com.ar\/sitio\/wp-json\/wp\/v2\/tags?post=102255"}],"curies":[{"name":"wp","href":"https:\/\/api.w.org\/{rel}","templated":true}]}}