{"id":102253,"date":"2021-12-15T14:51:56","date_gmt":"2021-12-15T17:51:56","guid":{"rendered":"https:\/\/eldiariodesanpedro.com.ar\/sitio\/?p=102253"},"modified":"2021-12-15T14:51:57","modified_gmt":"2021-12-15T17:51:57","slug":"robaron-inodoro-anafe-entre-otras-cosas-en-el-barrio-el-fortin","status":"publish","type":"post","link":"https:\/\/eldiariodesanpedro.com.ar\/sitio\/robaron-inodoro-anafe-entre-otras-cosas-en-el-barrio-el-fortin\/","title":{"rendered":"Robaron inodoro, anafe entre otras cosas en el barrio El Fort\u00edn"},"content":{"rendered":"<!-- VideographyWP Plugin Message: Automatic video embedding prevented by plugin options. -->\n\n<p>Ayer en horas del mediod\u00eda un ciudadano realiz\u00f3 una denuncia en la comisar\u00eda local por el robo en una casa en construcci\u00f3n de donde se llevaron varios materiales.<\/p>\n\n\n\n<p>El hecho habr\u00eda ocurrido en horas de la madrugada cuando delincuentes ignorados ingresaron a una obra en construcci\u00f3n ubicada en el barrio el Fort\u00edn propiedad de un hombre de 42 a\u00f1os quien constat\u00f3 el faltante de&nbsp; Inodoro, anafe el\u00e9ctrico, y bordeadora, previo haber da\u00f1ado puerta trasera.<\/p>\n\n\n\n<p>La polic\u00eda investiga el hecho a trav\u00e9s de la fiscal\u00eda N\u00ba 7<\/p>\n","protected":false},"excerpt":{"rendered":"<p>Ayer en horas del mediod\u00eda un ciudadano realiz\u00f3 una denuncia en la comisar\u00eda local por el robo en una casa en construcci\u00f3n de donde se llevaron varios materiales. El hecho habr\u00eda ocurrido en horas de la madrugada cuando delincuentes ignorados ingresaron a una obra en construcci\u00f3n ubicada en el barrio el Fort\u00edn propiedad de un [&hellip;]<\/p>\n","protected":false},"author":4,"featured_media":77860,"comment_status":"closed","ping_status":"closed","sticky":false,"template":"","format":"standard","meta":{"om_disable_all_campaigns":false,"_jetpack_memberships_contains_paid_content":false,"footnotes":""},"categories":[2,103],"tags":[197,33,95,19],"class_list":["post-102253","post","type-post","status-publish","format-standard","has-post-thumbnail","hentry","category-locales","category-policiales-locales","tag-buenos-aires","tag-locales","tag-policiales","tag-san-pedro"],"aioseo_notices":[],"gutentor_comment":0,"jetpack_featured_media_url":"https:\/\/eldiariodesanpedro.com.ar\/sitio\/wp-content\/uploads\/2020\/07\/000085506.jpg","jetpack_shortlink":"https:\/\/wp.me\/p6RhLt-qBf","jetpack_sharing_enabled":true,"_links":{"self":[{"href":"https:\/\/eldiariodesanpedro.com.ar\/sitio\/wp-json\/wp\/v2\/posts\/102253","targetHints":{"allow":["GET"]}}],"collection":[{"href":"https:\/\/eldiariodesanpedro.com.ar\/sitio\/wp-json\/wp\/v2\/posts"}],"about":[{"href":"https:\/\/eldiariodesanpedro.com.ar\/sitio\/wp-json\/wp\/v2\/types\/post"}],"author":[{"embeddable":true,"href":"https:\/\/eldiariodesanpedro.com.ar\/sitio\/wp-json\/wp\/v2\/users\/4"}],"replies":[{"embeddable":true,"href":"https:\/\/eldiariodesanpedro.com.ar\/sitio\/wp-json\/wp\/v2\/comments?post=102253"}],"version-history":[{"count":1,"href":"https:\/\/eldiariodesanpedro.com.ar\/sitio\/wp-json\/wp\/v2\/posts\/102253\/revisions"}],"predecessor-version":[{"id":102254,"href":"https:\/\/eldiariodesanpedro.com.ar\/sitio\/wp-json\/wp\/v2\/posts\/102253\/revisions\/102254"}],"wp:featuredmedia":[{"embeddable":true,"href":"https:\/\/eldiariodesanpedro.com.ar\/sitio\/wp-json\/wp\/v2\/media\/77860"}],"wp:attachment":[{"href":"https:\/\/eldiariodesanpedro.com.ar\/sitio\/wp-json\/wp\/v2\/media?parent=102253"}],"wp:term":[{"taxonomy":"category","embeddable":true,"href":"https:\/\/eldiariodesanpedro.com.ar\/sitio\/wp-json\/wp\/v2\/categories?post=102253"},{"taxonomy":"post_tag","embeddable":true,"href":"https:\/\/eldiariodesanpedro.com.ar\/sitio\/wp-json\/wp\/v2\/tags?post=102253"}],"curies":[{"name":"wp","href":"https:\/\/api.w.org\/{rel}","templated":true}]}}