{"id":10225,"date":"2016-11-14T21:19:00","date_gmt":"2016-11-15T00:19:00","guid":{"rendered":"https:\/\/eldiariodesanpedro.com.ar\/sitio\/?p=10225"},"modified":"2016-11-14T21:19:00","modified_gmt":"2016-11-15T00:19:00","slug":"asesinato-con-una-botella-rota-en-baradero","status":"publish","type":"post","link":"https:\/\/eldiariodesanpedro.com.ar\/sitio\/asesinato-con-una-botella-rota-en-baradero\/","title":{"rendered":"Asesinato con una botella rota en baradero"},"content":{"rendered":"<p><!-- VideographyWP Plugin Message: Automatic video embedding prevented by plugin options. --><br \/>\nEn horas de la noche del domingo, se hizo presente en la comisar\u00eda local un joven de 21 a\u00f1os en compa\u00f1\u00eda de su abogado, quien se puso a disposici\u00f3n de la Justicia por un hecho de homicidio que ocurri\u00f3 durante la madrugada del domingo en la vecina localidad de Baradero, mientras se llevaba a cabo un cumplea\u00f1os en una vivienda del barrio Tobares. <\/p>\n<p>Tras una discusi\u00f3n entre la persona que se entreg\u00f3 y otro joven de 26 a\u00f1os, identificado como Oscar Paredez Chavez, este pierde la vida al ser apu\u00f1alado en el pecho con una botella rota. El joven qued\u00f3 alojado en car\u00e1cter de detenido en la seccional y fue trasladado en el d\u00eda de ayer a la sede de la UDI N\u00ba 9 de Baradero.<\/p>\n","protected":false},"excerpt":{"rendered":"<p>En horas de la noche del domingo, se hizo presente en la comisar\u00eda local un joven de 21 a\u00f1os en compa\u00f1\u00eda de su abogado, quien se puso a disposici\u00f3n de la Justicia por un hecho de homicidio que ocurri\u00f3 durante la madrugada del domingo en la vecina localidad de Baradero, mientras se llevaba a cabo [&hellip;]<\/p>\n","protected":false},"author":4,"featured_media":9902,"comment_status":"open","ping_status":"closed","sticky":false,"template":"","format":"standard","meta":{"om_disable_all_campaigns":false,"_jetpack_memberships_contains_paid_content":false,"footnotes":""},"categories":[2,103],"tags":[],"class_list":["post-10225","post","type-post","status-publish","format-standard","has-post-thumbnail","hentry","category-locales","category-policiales-locales"],"aioseo_notices":[],"gutentor_comment":0,"jetpack_featured_media_url":"https:\/\/eldiariodesanpedro.com.ar\/sitio\/wp-content\/uploads\/2016\/11\/comisaria_dia_0-700x325_1.png","jetpack_shortlink":"https:\/\/wp.me\/p6RhLt-2EV","jetpack_sharing_enabled":true,"_links":{"self":[{"href":"https:\/\/eldiariodesanpedro.com.ar\/sitio\/wp-json\/wp\/v2\/posts\/10225","targetHints":{"allow":["GET"]}}],"collection":[{"href":"https:\/\/eldiariodesanpedro.com.ar\/sitio\/wp-json\/wp\/v2\/posts"}],"about":[{"href":"https:\/\/eldiariodesanpedro.com.ar\/sitio\/wp-json\/wp\/v2\/types\/post"}],"author":[{"embeddable":true,"href":"https:\/\/eldiariodesanpedro.com.ar\/sitio\/wp-json\/wp\/v2\/users\/4"}],"replies":[{"embeddable":true,"href":"https:\/\/eldiariodesanpedro.com.ar\/sitio\/wp-json\/wp\/v2\/comments?post=10225"}],"version-history":[{"count":2,"href":"https:\/\/eldiariodesanpedro.com.ar\/sitio\/wp-json\/wp\/v2\/posts\/10225\/revisions"}],"predecessor-version":[{"id":10229,"href":"https:\/\/eldiariodesanpedro.com.ar\/sitio\/wp-json\/wp\/v2\/posts\/10225\/revisions\/10229"}],"wp:featuredmedia":[{"embeddable":true,"href":"https:\/\/eldiariodesanpedro.com.ar\/sitio\/wp-json\/wp\/v2\/media\/9902"}],"wp:attachment":[{"href":"https:\/\/eldiariodesanpedro.com.ar\/sitio\/wp-json\/wp\/v2\/media?parent=10225"}],"wp:term":[{"taxonomy":"category","embeddable":true,"href":"https:\/\/eldiariodesanpedro.com.ar\/sitio\/wp-json\/wp\/v2\/categories?post=10225"},{"taxonomy":"post_tag","embeddable":true,"href":"https:\/\/eldiariodesanpedro.com.ar\/sitio\/wp-json\/wp\/v2\/tags?post=10225"}],"curies":[{"name":"wp","href":"https:\/\/api.w.org\/{rel}","templated":true}]}}