{"id":102249,"date":"2021-12-15T14:19:38","date_gmt":"2021-12-15T17:19:38","guid":{"rendered":"https:\/\/eldiariodesanpedro.com.ar\/sitio\/?p=102249"},"modified":"2021-12-15T14:19:41","modified_gmt":"2021-12-15T17:19:41","slug":"circulaba-en-bici-y-choco-la-puerta-de-un-automovilista-que-abrio-sin-mirar-para-atras","status":"publish","type":"post","link":"https:\/\/eldiariodesanpedro.com.ar\/sitio\/circulaba-en-bici-y-choco-la-puerta-de-un-automovilista-que-abrio-sin-mirar-para-atras\/","title":{"rendered":"Circulaba en bici y choc\u00f3 la puerta de un automovilista que abri\u00f3 sin mirar para atr\u00e1s"},"content":{"rendered":"<!-- VideographyWP Plugin Message: Automatic video embedding prevented by plugin options. -->\n\n<p>Este martes una mujer que sufri\u00f3 un accidente se acerc\u00f3 a la comisar\u00eda a realizar la denuncia.<\/p>\n\n\n\n<p>El hecho tuvo lugar en horas de la tarde de ayer cuando la denunciante de 61 a\u00f1os circulaba en su bicicleta por calle Olivera Cesar y al pasar calle Rivadavia un automovilista estacionado abre la puerta del rodado provocando el choque de la mujer golpeando su rostro y posteriormente caer a la cinta asf\u00e1ltica.<\/p>\n\n\n\n<p>En el momento no intervino la polic\u00eda como tampoco la ambulancia del SAME.<\/p>\n","protected":false},"excerpt":{"rendered":"<p>Este martes una mujer que sufri\u00f3 un accidente se acerc\u00f3 a la comisar\u00eda a realizar la denuncia. El hecho tuvo lugar en horas de la tarde de ayer cuando la denunciante de 61 a\u00f1os circulaba en su bicicleta por calle Olivera Cesar y al pasar calle Rivadavia un automovilista estacionado abre la puerta del rodado [&hellip;]<\/p>\n","protected":false},"author":4,"featured_media":77599,"comment_status":"closed","ping_status":"closed","sticky":false,"template":"","format":"standard","meta":{"om_disable_all_campaigns":false,"_jetpack_memberships_contains_paid_content":false,"footnotes":""},"categories":[2,103],"tags":[197,33,95,19],"class_list":["post-102249","post","type-post","status-publish","format-standard","has-post-thumbnail","hentry","category-locales","category-policiales-locales","tag-buenos-aires","tag-locales","tag-policiales","tag-san-pedro"],"aioseo_notices":[],"gutentor_comment":0,"jetpack_featured_media_url":"https:\/\/eldiariodesanpedro.com.ar\/sitio\/wp-content\/uploads\/2020\/07\/no_aq3q0axqb6qu189no_n9gwclkeoaxy1piupraveny_same2.jpg","jetpack_shortlink":"https:\/\/wp.me\/p6RhLt-qBb","jetpack_sharing_enabled":true,"_links":{"self":[{"href":"https:\/\/eldiariodesanpedro.com.ar\/sitio\/wp-json\/wp\/v2\/posts\/102249","targetHints":{"allow":["GET"]}}],"collection":[{"href":"https:\/\/eldiariodesanpedro.com.ar\/sitio\/wp-json\/wp\/v2\/posts"}],"about":[{"href":"https:\/\/eldiariodesanpedro.com.ar\/sitio\/wp-json\/wp\/v2\/types\/post"}],"author":[{"embeddable":true,"href":"https:\/\/eldiariodesanpedro.com.ar\/sitio\/wp-json\/wp\/v2\/users\/4"}],"replies":[{"embeddable":true,"href":"https:\/\/eldiariodesanpedro.com.ar\/sitio\/wp-json\/wp\/v2\/comments?post=102249"}],"version-history":[{"count":1,"href":"https:\/\/eldiariodesanpedro.com.ar\/sitio\/wp-json\/wp\/v2\/posts\/102249\/revisions"}],"predecessor-version":[{"id":102250,"href":"https:\/\/eldiariodesanpedro.com.ar\/sitio\/wp-json\/wp\/v2\/posts\/102249\/revisions\/102250"}],"wp:featuredmedia":[{"embeddable":true,"href":"https:\/\/eldiariodesanpedro.com.ar\/sitio\/wp-json\/wp\/v2\/media\/77599"}],"wp:attachment":[{"href":"https:\/\/eldiariodesanpedro.com.ar\/sitio\/wp-json\/wp\/v2\/media?parent=102249"}],"wp:term":[{"taxonomy":"category","embeddable":true,"href":"https:\/\/eldiariodesanpedro.com.ar\/sitio\/wp-json\/wp\/v2\/categories?post=102249"},{"taxonomy":"post_tag","embeddable":true,"href":"https:\/\/eldiariodesanpedro.com.ar\/sitio\/wp-json\/wp\/v2\/tags?post=102249"}],"curies":[{"name":"wp","href":"https:\/\/api.w.org\/{rel}","templated":true}]}}