{"id":102240,"date":"2021-12-15T13:00:04","date_gmt":"2021-12-15T16:00:04","guid":{"rendered":"https:\/\/eldiariodesanpedro.com.ar\/sitio\/?p=102240"},"modified":"2021-12-15T13:00:05","modified_gmt":"2021-12-15T16:00:05","slug":"dos-motochorros-detenidos-por-intento-de-robo-en-la-via-publica","status":"publish","type":"post","link":"https:\/\/eldiariodesanpedro.com.ar\/sitio\/dos-motochorros-detenidos-por-intento-de-robo-en-la-via-publica\/","title":{"rendered":"Dos motochorros detenidos por intento de robo en la v\u00eda p\u00fablica"},"content":{"rendered":"<!-- VideographyWP Plugin Message: Automatic video embedding prevented by plugin options. -->\n\n<p>En la jornada de ayer martes alrededor de las 17 hs el personal policial de nuestra ciudad es alertado a trav\u00e9s de un llamado al 911 y tras r\u00e1pido accionar se hace presente en Av. Espa\u00f1a y R\u00f3mulo Naon, procede a la aprehensi\u00f3n de masculino de 26 a\u00f1os de edad y a masculino de 21 a\u00f1os de edad, y al secuestro de motocicleta 200 c.c. en que se movilizaban, quienes fugaron tras instantes antes en Alvarado y 11 de Septiembre, intentan sustraer pertenencias a femenina de 25 a\u00f1os de edad modalidad arrebato.&nbsp;<\/p>\n\n\n\n<p>La v\u00edctima result\u00f3 ilesa, los j\u00f3venes permanecen alojados en sede policial a disposici\u00f3n de la justicia local.-<\/p>\n","protected":false},"excerpt":{"rendered":"<p>En la jornada de ayer martes alrededor de las 17 hs el personal policial de nuestra ciudad es alertado a trav\u00e9s de un llamado al 911 y tras r\u00e1pido accionar se hace presente en Av. Espa\u00f1a y R\u00f3mulo Naon, procede a la aprehensi\u00f3n de masculino de 26 a\u00f1os de edad y a masculino de 21 [&hellip;]<\/p>\n","protected":false},"author":4,"featured_media":102241,"comment_status":"closed","ping_status":"closed","sticky":false,"template":"","format":"standard","meta":{"om_disable_all_campaigns":false,"_jetpack_memberships_contains_paid_content":false,"footnotes":""},"categories":[2,103],"tags":[197,33,95],"class_list":["post-102240","post","type-post","status-publish","format-standard","has-post-thumbnail","hentry","category-locales","category-policiales-locales","tag-buenos-aires","tag-locales","tag-policiales"],"aioseo_notices":[],"gutentor_comment":0,"jetpack_featured_media_url":"https:\/\/eldiariodesanpedro.com.ar\/sitio\/wp-content\/uploads\/2021\/12\/Motochorros-.jpg","jetpack_shortlink":"https:\/\/wp.me\/p6RhLt-qB2","jetpack_sharing_enabled":true,"_links":{"self":[{"href":"https:\/\/eldiariodesanpedro.com.ar\/sitio\/wp-json\/wp\/v2\/posts\/102240","targetHints":{"allow":["GET"]}}],"collection":[{"href":"https:\/\/eldiariodesanpedro.com.ar\/sitio\/wp-json\/wp\/v2\/posts"}],"about":[{"href":"https:\/\/eldiariodesanpedro.com.ar\/sitio\/wp-json\/wp\/v2\/types\/post"}],"author":[{"embeddable":true,"href":"https:\/\/eldiariodesanpedro.com.ar\/sitio\/wp-json\/wp\/v2\/users\/4"}],"replies":[{"embeddable":true,"href":"https:\/\/eldiariodesanpedro.com.ar\/sitio\/wp-json\/wp\/v2\/comments?post=102240"}],"version-history":[{"count":1,"href":"https:\/\/eldiariodesanpedro.com.ar\/sitio\/wp-json\/wp\/v2\/posts\/102240\/revisions"}],"predecessor-version":[{"id":102242,"href":"https:\/\/eldiariodesanpedro.com.ar\/sitio\/wp-json\/wp\/v2\/posts\/102240\/revisions\/102242"}],"wp:featuredmedia":[{"embeddable":true,"href":"https:\/\/eldiariodesanpedro.com.ar\/sitio\/wp-json\/wp\/v2\/media\/102241"}],"wp:attachment":[{"href":"https:\/\/eldiariodesanpedro.com.ar\/sitio\/wp-json\/wp\/v2\/media?parent=102240"}],"wp:term":[{"taxonomy":"category","embeddable":true,"href":"https:\/\/eldiariodesanpedro.com.ar\/sitio\/wp-json\/wp\/v2\/categories?post=102240"},{"taxonomy":"post_tag","embeddable":true,"href":"https:\/\/eldiariodesanpedro.com.ar\/sitio\/wp-json\/wp\/v2\/tags?post=102240"}],"curies":[{"name":"wp","href":"https:\/\/api.w.org\/{rel}","templated":true}]}}