{"id":102236,"date":"2021-12-15T12:47:09","date_gmt":"2021-12-15T15:47:09","guid":{"rendered":"https:\/\/eldiariodesanpedro.com.ar\/sitio\/?p=102236"},"modified":"2021-12-15T12:52:15","modified_gmt":"2021-12-15T15:52:15","slug":"una-empleda-de-la-clinica-san-pedro-fue-golepada-por-sus-ex-companeras-le-pegaron-con-una-pava-electrica","status":"publish","type":"post","link":"https:\/\/eldiariodesanpedro.com.ar\/sitio\/una-empleda-de-la-clinica-san-pedro-fue-golepada-por-sus-ex-companeras-le-pegaron-con-una-pava-electrica\/","title":{"rendered":"Una empleada de la Cl\u00ednica San Pedro fue golpeada por sus ex compa\u00f1eras, le pegaron con una pava el\u00e9ctrica"},"content":{"rendered":"<!-- VideographyWP Plugin Message: Automatic video embedding prevented by plugin options. -->\n\n<p>En la jornada de ayer se recibi\u00f3 una denuncia en la comisar\u00eda local por parte de la secretar\u00eda de la Clinica San Pedro quien fue agredida por un grupo de ex compa\u00f1eras.<\/p>\n\n\n\n<p>Seg\u00fan denunci\u00f3 esta mujer de 53 a\u00f1os de edad en la ma\u00f1ana de ayer sufri\u00f3 agresiones f\u00edsicas por ex compa\u00f1eras de la misma entidad por un conflicto de reparto de dinero de una pollada realizada por los empleados del nosocomio para poder sustentar la p\u00e9rdida de su sueldos.<\/p>\n\n\n\n<p>La mujer sufri\u00f3 golpes cuando fue volteada al piso y sufri\u00f3 un grave golpe en la cabeza con una pava el\u00e9ctrica provocando un corte en el cuero cabelludo.<\/p>\n\n\n\n<p>El conflicto se genera cuando el pasado domingo los empleados que se encuentran trabajando realizaron una pollada y otros ex empleados que ya no est\u00e1n dentro de la cl\u00ednica y que no colaboraron en realizar los pollos quienes reclaman una parte del dinero.&nbsp;<\/p>\n\n\n\n<p>La mujer fue trasladada al nosocomio local donde recibi\u00f3 las curaciones necesarias.<\/p>\n","protected":false},"excerpt":{"rendered":"<p>En la jornada de ayer se recibi\u00f3 una denuncia en la comisar\u00eda local por parte de la secretar\u00eda de la Clinica San Pedro quien fue agredida por un grupo de ex compa\u00f1eras. Seg\u00fan denunci\u00f3 esta mujer de 53 a\u00f1os de edad en la ma\u00f1ana de ayer sufri\u00f3 agresiones f\u00edsicas por ex compa\u00f1eras de la misma [&hellip;]<\/p>\n","protected":false},"author":4,"featured_media":102237,"comment_status":"closed","ping_status":"closed","sticky":false,"template":"","format":"standard","meta":{"om_disable_all_campaigns":false,"_jetpack_memberships_contains_paid_content":false,"footnotes":""},"categories":[50,2,103],"tags":[197,696,33,19],"class_list":["post-102236","post","type-post","status-publish","format-standard","has-post-thumbnail","hentry","category-destacadas","category-locales","category-policiales-locales","tag-buenos-aires","tag-interes-general","tag-locales","tag-san-pedro"],"aioseo_notices":[],"gutentor_comment":0,"jetpack_featured_media_url":"https:\/\/eldiariodesanpedro.com.ar\/sitio\/wp-content\/uploads\/2021\/12\/20210707_142003.jpg","jetpack_shortlink":"https:\/\/wp.me\/p6RhLt-qAY","jetpack_sharing_enabled":true,"_links":{"self":[{"href":"https:\/\/eldiariodesanpedro.com.ar\/sitio\/wp-json\/wp\/v2\/posts\/102236","targetHints":{"allow":["GET"]}}],"collection":[{"href":"https:\/\/eldiariodesanpedro.com.ar\/sitio\/wp-json\/wp\/v2\/posts"}],"about":[{"href":"https:\/\/eldiariodesanpedro.com.ar\/sitio\/wp-json\/wp\/v2\/types\/post"}],"author":[{"embeddable":true,"href":"https:\/\/eldiariodesanpedro.com.ar\/sitio\/wp-json\/wp\/v2\/users\/4"}],"replies":[{"embeddable":true,"href":"https:\/\/eldiariodesanpedro.com.ar\/sitio\/wp-json\/wp\/v2\/comments?post=102236"}],"version-history":[{"count":2,"href":"https:\/\/eldiariodesanpedro.com.ar\/sitio\/wp-json\/wp\/v2\/posts\/102236\/revisions"}],"predecessor-version":[{"id":102239,"href":"https:\/\/eldiariodesanpedro.com.ar\/sitio\/wp-json\/wp\/v2\/posts\/102236\/revisions\/102239"}],"wp:featuredmedia":[{"embeddable":true,"href":"https:\/\/eldiariodesanpedro.com.ar\/sitio\/wp-json\/wp\/v2\/media\/102237"}],"wp:attachment":[{"href":"https:\/\/eldiariodesanpedro.com.ar\/sitio\/wp-json\/wp\/v2\/media?parent=102236"}],"wp:term":[{"taxonomy":"category","embeddable":true,"href":"https:\/\/eldiariodesanpedro.com.ar\/sitio\/wp-json\/wp\/v2\/categories?post=102236"},{"taxonomy":"post_tag","embeddable":true,"href":"https:\/\/eldiariodesanpedro.com.ar\/sitio\/wp-json\/wp\/v2\/tags?post=102236"}],"curies":[{"name":"wp","href":"https:\/\/api.w.org\/{rel}","templated":true}]}}