{"id":102233,"date":"2021-12-15T11:19:29","date_gmt":"2021-12-15T14:19:29","guid":{"rendered":"https:\/\/eldiariodesanpedro.com.ar\/sitio\/?p=102233"},"modified":"2021-12-15T11:19:30","modified_gmt":"2021-12-15T14:19:30","slug":"maniataron-golpearon-y-se-robaron-el-automovil-a-una-mujer-en-un-vivienda-a-media-cuadra-de-la-fiscalia","status":"publish","type":"post","link":"https:\/\/eldiariodesanpedro.com.ar\/sitio\/maniataron-golpearon-y-se-robaron-el-automovil-a-una-mujer-en-un-vivienda-a-media-cuadra-de-la-fiscalia\/","title":{"rendered":"Maniataron, golpearon y se robaron el autom\u00f3vil a una mujer en un vivienda a media cuadra de la fiscal\u00eda"},"content":{"rendered":"<!-- VideographyWP Plugin Message: Automatic video embedding prevented by plugin options. -->\n\n<p>Este mi\u00e9rcoles en horas de la madrugada ocurri\u00f3 un grave robo a pocos metros de la fiscal\u00eda local donde una mujer termin\u00f3 maniatada.<\/p>\n\n\n\n<p>El hecho ocurri\u00f3 esta madrugada en una vivienda ubicada en calle Belgrano y Saavedra a pocos metros de la fiscal\u00eda local donde delincuentes ignorados tomaron por sorpresa a una mujer que se encontraba durmiendo.<\/p>\n\n\n\n<p>Los malvivientes de manera violenta maniataron a la v\u00edctima y la golpearon para llevarse varias pertenencias de su casa y adem\u00e1s se robaron su autom\u00f3vil un Toyota Yaris.<\/p>\n\n\n\n<p>La v\u00edctima fue encerrada en el lavadero del domicilio desde donde comenz\u00f3 a gritar y fue escuchada por los vecinos alrededor de las 3 am por lo que se llam\u00f3 al 911 haci\u00e9ndose presente un m\u00f3vil policial.<\/p>\n\n\n\n<p>En las primeras horas del d\u00eda, el Toyota Yaris fue encontrado dentro de una zanja en cercan\u00edas a la localidad de R\u00edo Tala.<\/p>\n\n\n\n<p>La polic\u00eda investiga el hecho para dar con los autores del hecho por lo que se realizan allanamientos.<\/p>\n","protected":false},"excerpt":{"rendered":"<p>Este mi\u00e9rcoles en horas de la madrugada ocurri\u00f3 un grave robo a pocos metros de la fiscal\u00eda local donde una mujer termin\u00f3 maniatada. El hecho ocurri\u00f3 esta madrugada en una vivienda ubicada en calle Belgrano y Saavedra a pocos metros de la fiscal\u00eda local donde delincuentes ignorados tomaron por sorpresa a una mujer que se [&hellip;]<\/p>\n","protected":false},"author":4,"featured_media":102234,"comment_status":"closed","ping_status":"closed","sticky":false,"template":"","format":"standard","meta":{"om_disable_all_campaigns":false,"_jetpack_memberships_contains_paid_content":false,"footnotes":""},"categories":[50,2,103],"tags":[197,1121,696,1355,33,19,1122],"class_list":["post-102233","post","type-post","status-publish","format-standard","has-post-thumbnail","hentry","category-destacadas","category-locales","category-policiales-locales","tag-buenos-aires","tag-edicto","tag-interes-general","tag-judiciales","tag-locales","tag-san-pedro","tag-sucesion"],"aioseo_notices":[],"gutentor_comment":0,"jetpack_featured_media_url":"https:\/\/eldiariodesanpedro.com.ar\/sitio\/wp-content\/uploads\/2021\/12\/medida-5.jpg","jetpack_shortlink":"https:\/\/wp.me\/p6RhLt-qAV","jetpack_sharing_enabled":true,"_links":{"self":[{"href":"https:\/\/eldiariodesanpedro.com.ar\/sitio\/wp-json\/wp\/v2\/posts\/102233","targetHints":{"allow":["GET"]}}],"collection":[{"href":"https:\/\/eldiariodesanpedro.com.ar\/sitio\/wp-json\/wp\/v2\/posts"}],"about":[{"href":"https:\/\/eldiariodesanpedro.com.ar\/sitio\/wp-json\/wp\/v2\/types\/post"}],"author":[{"embeddable":true,"href":"https:\/\/eldiariodesanpedro.com.ar\/sitio\/wp-json\/wp\/v2\/users\/4"}],"replies":[{"embeddable":true,"href":"https:\/\/eldiariodesanpedro.com.ar\/sitio\/wp-json\/wp\/v2\/comments?post=102233"}],"version-history":[{"count":1,"href":"https:\/\/eldiariodesanpedro.com.ar\/sitio\/wp-json\/wp\/v2\/posts\/102233\/revisions"}],"predecessor-version":[{"id":102235,"href":"https:\/\/eldiariodesanpedro.com.ar\/sitio\/wp-json\/wp\/v2\/posts\/102233\/revisions\/102235"}],"wp:featuredmedia":[{"embeddable":true,"href":"https:\/\/eldiariodesanpedro.com.ar\/sitio\/wp-json\/wp\/v2\/media\/102234"}],"wp:attachment":[{"href":"https:\/\/eldiariodesanpedro.com.ar\/sitio\/wp-json\/wp\/v2\/media?parent=102233"}],"wp:term":[{"taxonomy":"category","embeddable":true,"href":"https:\/\/eldiariodesanpedro.com.ar\/sitio\/wp-json\/wp\/v2\/categories?post=102233"},{"taxonomy":"post_tag","embeddable":true,"href":"https:\/\/eldiariodesanpedro.com.ar\/sitio\/wp-json\/wp\/v2\/tags?post=102233"}],"curies":[{"name":"wp","href":"https:\/\/api.w.org\/{rel}","templated":true}]}}