{"id":102230,"date":"2021-12-15T10:34:08","date_gmt":"2021-12-15T13:34:08","guid":{"rendered":"https:\/\/eldiariodesanpedro.com.ar\/sitio\/?p=102230"},"modified":"2021-12-15T10:34:10","modified_gmt":"2021-12-15T13:34:10","slug":"temporal-tragico-una-persona-fallecio-en-rio-tala-al-ser-alcanzado-por-un-rayo","status":"publish","type":"post","link":"https:\/\/eldiariodesanpedro.com.ar\/sitio\/temporal-tragico-una-persona-fallecio-en-rio-tala-al-ser-alcanzado-por-un-rayo\/","title":{"rendered":"Temporal tr\u00e1gico: Una persona falleci\u00f3 en R\u00edo Tala al ser alcanzado por un rayo"},"content":{"rendered":"<!-- VideographyWP Plugin Message: Automatic video embedding prevented by plugin options. -->\n\n<p>La tormenta el\u00e9ctrica que afect\u00f3 a la ciudad sobre el atardecer del martes provoc\u00f3 voladuras de techos, calles inundadas y ca\u00eddas de \u00e1rboles. El saldo lamentable fue la muerte de una personas de 36 a\u00f1os que fue alcanzado por un rayo en R\u00edo Tala.<\/p>\n\n\n\n<p>Un temporal de fuertes r\u00e1fagas de viento y lluvia se desat\u00f3 sobre la ciudad en el atardecer del martes. Cayeron 38mm de agua en solo 6 minutos y alcanz\u00f3 para que r\u00e1pidamente la ciudad se viera seriamente afectada obligando a la inmediata intervenci\u00f3n de Defensa Civil.<\/p>\n\n\n\n<p>El resultado del temporal fue lamentable ya que en R\u00edo Tala se produjo la muerte de una persona que fue alcanzada por un rayo en la v\u00eda p\u00fablica.<\/p>\n\n\n\n<p>El hombre fue identificado como Juan \u00abBeto\u00bb L\u00f3pez, de 36 a\u00f1os, quien en el momento de la tormenta sali\u00f3 con su moto a buscar a sus hijos y all\u00ed pr\u00e1cticamente fue fulminado por un rayo.<\/p>\n\n\n\n<p>L\u00f3pez fue trasladado de urgencia al Hospital \u00abEmilio Ruffa\u00bb pero lamentablemente ingres\u00f3 fallecido.<\/p>\n\n\n\n<p>Sucedi\u00f3 en inmediaciones de Lavalle y El Cielito, y la v\u00edctima era padre de seis hijos de corta edad. Adem\u00e1s ten\u00eda una estrecha relaci\u00f3n con los clubes Las Palmeras e Independiente de R\u00edo Tala en donde dirig\u00eda y colaboraba.<\/p>\n\n\n\n<p>Mientras tanto, al mismo momento, el temporal inund\u00f3 r\u00e1pidamente distintas calles de la ciudad, provoc\u00f3 voladuras de techos, r\u00e1pida de \u00e1rboles y postes, todo en un per\u00edodo de media hora.<\/p>\n","protected":false},"excerpt":{"rendered":"<p>La tormenta el\u00e9ctrica que afect\u00f3 a la ciudad sobre el atardecer del martes provoc\u00f3 voladuras de techos, calles inundadas y ca\u00eddas de \u00e1rboles. El saldo lamentable fue la muerte de una personas de 36 a\u00f1os que fue alcanzado por un rayo en R\u00edo Tala. Un temporal de fuertes r\u00e1fagas de viento y lluvia se desat\u00f3 [&hellip;]<\/p>\n","protected":false},"author":4,"featured_media":102231,"comment_status":"closed","ping_status":"closed","sticky":false,"template":"","format":"standard","meta":{"om_disable_all_campaigns":false,"_jetpack_memberships_contains_paid_content":false,"footnotes":""},"categories":[50,2,103],"tags":[197,696,33,95,19,2548],"class_list":["post-102230","post","type-post","status-publish","format-standard","has-post-thumbnail","hentry","category-destacadas","category-locales","category-policiales-locales","tag-buenos-aires","tag-interes-general","tag-locales","tag-policiales","tag-san-pedro","tag-temporal-tragico-una-persona-fallecio-en-rio-tala-al-ser-alcanzado-por-un-rayo"],"aioseo_notices":[],"gutentor_comment":0,"jetpack_featured_media_url":"https:\/\/eldiariodesanpedro.com.ar\/sitio\/wp-content\/uploads\/2021\/12\/0000020557-resized-1920x1080-1.jpg","jetpack_shortlink":"https:\/\/wp.me\/p6RhLt-qAS","jetpack_sharing_enabled":true,"_links":{"self":[{"href":"https:\/\/eldiariodesanpedro.com.ar\/sitio\/wp-json\/wp\/v2\/posts\/102230","targetHints":{"allow":["GET"]}}],"collection":[{"href":"https:\/\/eldiariodesanpedro.com.ar\/sitio\/wp-json\/wp\/v2\/posts"}],"about":[{"href":"https:\/\/eldiariodesanpedro.com.ar\/sitio\/wp-json\/wp\/v2\/types\/post"}],"author":[{"embeddable":true,"href":"https:\/\/eldiariodesanpedro.com.ar\/sitio\/wp-json\/wp\/v2\/users\/4"}],"replies":[{"embeddable":true,"href":"https:\/\/eldiariodesanpedro.com.ar\/sitio\/wp-json\/wp\/v2\/comments?post=102230"}],"version-history":[{"count":1,"href":"https:\/\/eldiariodesanpedro.com.ar\/sitio\/wp-json\/wp\/v2\/posts\/102230\/revisions"}],"predecessor-version":[{"id":102232,"href":"https:\/\/eldiariodesanpedro.com.ar\/sitio\/wp-json\/wp\/v2\/posts\/102230\/revisions\/102232"}],"wp:featuredmedia":[{"embeddable":true,"href":"https:\/\/eldiariodesanpedro.com.ar\/sitio\/wp-json\/wp\/v2\/media\/102231"}],"wp:attachment":[{"href":"https:\/\/eldiariodesanpedro.com.ar\/sitio\/wp-json\/wp\/v2\/media?parent=102230"}],"wp:term":[{"taxonomy":"category","embeddable":true,"href":"https:\/\/eldiariodesanpedro.com.ar\/sitio\/wp-json\/wp\/v2\/categories?post=102230"},{"taxonomy":"post_tag","embeddable":true,"href":"https:\/\/eldiariodesanpedro.com.ar\/sitio\/wp-json\/wp\/v2\/tags?post=102230"}],"curies":[{"name":"wp","href":"https:\/\/api.w.org\/{rel}","templated":true}]}}