{"id":102209,"date":"2021-12-14T18:24:55","date_gmt":"2021-12-14T21:24:55","guid":{"rendered":"https:\/\/eldiariodesanpedro.com.ar\/sitio\/?p=102209"},"modified":"2021-12-14T18:24:56","modified_gmt":"2021-12-14T21:24:56","slug":"alerta-por-tormenta-electricas-y-lluvia-para-esta-tarde-noche","status":"publish","type":"post","link":"https:\/\/eldiariodesanpedro.com.ar\/sitio\/alerta-por-tormenta-electricas-y-lluvia-para-esta-tarde-noche\/","title":{"rendered":"Alerta por tormenta electricas y lluvia para esta tarde noche"},"content":{"rendered":"<!-- VideographyWP Plugin Message: Automatic video embedding prevented by plugin options. -->\n\n<p>Se anuncia para San Pedro y la zona Alerta Meteorologica por tormentas electricas y lluvia para esta atrde noche de martes.<\/p>\n\n\n\n<p><strong>Medidas de protecci\u00f3n:<\/strong>&nbsp;1- Asegur\u00e1 los objetos que puedan ser arrojados por el viento. 2- Mantenete alejado de los \u00e1rboles, ya que la fuerza del viento podria quebrar alguna de sus ramas. 3- Permanec\u00e9 en construcciones cerradas como casas, escuelas o edificios p\u00fablicos. 4- Mantenete alejado de artefactos el\u00e9ctricos y evit\u00e1 el uso de tel\u00e9fonos con cable. 5- Evit\u00e1 actividades al aire libre. 6- Para minimizar el riesgo de ser alcanzado por un rayo, no permanezcas en playas, r\u00edos, lagunas o piletas.<\/p>\n\n\n\n<p>Los fen\u00f3menos indicados en el ACP fueron detectados con radares meteorol\u00f3gicos.<\/p>\n\n\n\n<figure class=\"wp-block-image size-full\"><img decoding=\"async\" width=\"619\" height=\"630\" data-attachment-id=\"102210\" data-permalink=\"https:\/\/eldiariodesanpedro.com.ar\/sitio\/alerta-por-tormenta-electricas-y-lluvia-para-esta-tarde-noche\/aviso-3\/\" data-orig-file=\"https:\/\/eldiariodesanpedro.com.ar\/sitio\/wp-content\/uploads\/2021\/12\/aviso.gif\" data-orig-size=\"619,630\" data-comments-opened=\"0\" data-image-meta=\"{&quot;aperture&quot;:&quot;0&quot;,&quot;credit&quot;:&quot;&quot;,&quot;camera&quot;:&quot;&quot;,&quot;caption&quot;:&quot;&quot;,&quot;created_timestamp&quot;:&quot;0&quot;,&quot;copyright&quot;:&quot;&quot;,&quot;focal_length&quot;:&quot;0&quot;,&quot;iso&quot;:&quot;0&quot;,&quot;shutter_speed&quot;:&quot;0&quot;,&quot;title&quot;:&quot;&quot;,&quot;orientation&quot;:&quot;0&quot;}\" data-image-title=\"aviso\" data-image-description=\"\" data-image-caption=\"\" data-large-file=\"https:\/\/eldiariodesanpedro.com.ar\/sitio\/wp-content\/uploads\/2021\/12\/aviso.gif\" data-src=\"https:\/\/eldiariodesanpedro.com.ar\/sitio\/wp-content\/uploads\/2021\/12\/aviso.gif\" alt=\"\" class=\"wp-image-102210 lazyload\" src=\"data:image\/svg+xml;base64,PHN2ZyB3aWR0aD0iMSIgaGVpZ2h0PSIxIiB4bWxucz0iaHR0cDovL3d3dy53My5vcmcvMjAwMC9zdmciPjwvc3ZnPg==\" style=\"--smush-placeholder-width: 619px; --smush-placeholder-aspect-ratio: 619\/630;\" \/><\/figure>\n","protected":false},"excerpt":{"rendered":"<p>Se anuncia para San Pedro y la zona Alerta Meteorologica por tormentas electricas y lluvia para esta atrde noche de martes. Medidas de protecci\u00f3n:&nbsp;1- Asegur\u00e1 los objetos que puedan ser arrojados por el viento. 2- Mantenete alejado de los \u00e1rboles, ya que la fuerza del viento podria quebrar alguna de sus ramas. 3- Permanec\u00e9 en [&hellip;]<\/p>\n","protected":false},"author":4,"featured_media":102211,"comment_status":"closed","ping_status":"closed","sticky":false,"template":"","format":"standard","meta":{"om_disable_all_campaigns":false,"_jetpack_memberships_contains_paid_content":false,"footnotes":""},"categories":[101,2],"tags":[],"class_list":["post-102209","post","type-post","status-publish","format-standard","has-post-thumbnail","hentry","category-interes-general-locales","category-locales"],"aioseo_notices":[],"gutentor_comment":0,"jetpack_featured_media_url":"https:\/\/eldiariodesanpedro.com.ar\/sitio\/wp-content\/uploads\/2021\/12\/Sin-titulo-1-3.jpg","jetpack_shortlink":"https:\/\/wp.me\/p6RhLt-qAx","jetpack_sharing_enabled":true,"_links":{"self":[{"href":"https:\/\/eldiariodesanpedro.com.ar\/sitio\/wp-json\/wp\/v2\/posts\/102209","targetHints":{"allow":["GET"]}}],"collection":[{"href":"https:\/\/eldiariodesanpedro.com.ar\/sitio\/wp-json\/wp\/v2\/posts"}],"about":[{"href":"https:\/\/eldiariodesanpedro.com.ar\/sitio\/wp-json\/wp\/v2\/types\/post"}],"author":[{"embeddable":true,"href":"https:\/\/eldiariodesanpedro.com.ar\/sitio\/wp-json\/wp\/v2\/users\/4"}],"replies":[{"embeddable":true,"href":"https:\/\/eldiariodesanpedro.com.ar\/sitio\/wp-json\/wp\/v2\/comments?post=102209"}],"version-history":[{"count":1,"href":"https:\/\/eldiariodesanpedro.com.ar\/sitio\/wp-json\/wp\/v2\/posts\/102209\/revisions"}],"predecessor-version":[{"id":102212,"href":"https:\/\/eldiariodesanpedro.com.ar\/sitio\/wp-json\/wp\/v2\/posts\/102209\/revisions\/102212"}],"wp:featuredmedia":[{"embeddable":true,"href":"https:\/\/eldiariodesanpedro.com.ar\/sitio\/wp-json\/wp\/v2\/media\/102211"}],"wp:attachment":[{"href":"https:\/\/eldiariodesanpedro.com.ar\/sitio\/wp-json\/wp\/v2\/media?parent=102209"}],"wp:term":[{"taxonomy":"category","embeddable":true,"href":"https:\/\/eldiariodesanpedro.com.ar\/sitio\/wp-json\/wp\/v2\/categories?post=102209"},{"taxonomy":"post_tag","embeddable":true,"href":"https:\/\/eldiariodesanpedro.com.ar\/sitio\/wp-json\/wp\/v2\/tags?post=102209"}],"curies":[{"name":"wp","href":"https:\/\/api.w.org\/{rel}","templated":true}]}}