{"id":102200,"date":"2021-12-15T09:00:00","date_gmt":"2021-12-15T12:00:00","guid":{"rendered":"https:\/\/eldiariodesanpedro.com.ar\/sitio\/?p=102200"},"modified":"2021-12-15T09:22:40","modified_gmt":"2021-12-15T12:22:40","slug":"apinta-llama-a-elecciones-de-comision-y-cuerpo-de-delegados-seccional-san-pedro","status":"publish","type":"post","link":"https:\/\/eldiariodesanpedro.com.ar\/sitio\/apinta-llama-a-elecciones-de-comision-y-cuerpo-de-delegados-seccional-san-pedro\/","title":{"rendered":"APINTA llama a elecciones de comisi\u00f3n y cuerpo de delegados seccional San Pedro"},"content":{"rendered":"<!-- VideographyWP Plugin Message: Automatic video embedding prevented by plugin options. -->\n\n<p>ASOCIACI\u00d3N DEL PERSONAL DEL INSTITUTO NACIONAL DE TECNOLOG\u00cdA AGROPECUARIA (<strong>APINTA)<\/strong><\/p>\n\n\n\n<p>CONVOCATORIA A ELECCIONES COMISI\u00d3N Y CUERPO DE DELEGADOS SECCIONAL SAN PEDRO<\/p>\n\n\n\n<p>APINTA convoca a&nbsp; elecciones para renovar la comisi\u00f3n y el cuerpo de delegados de la seccional San Pedro el 03 de marzo de 2022 en el horario de 9 a 15 hs.<\/p>\n\n\n\n<p>Para el per\u00edodo 04\/03\/2022 al 03\/03\/2026 para la comisi\u00f3n y del 04\/03\/2022 al 03\/03\/2024 para el cuerpo de delegados.<\/p>\n\n\n\n<p>1- Secretario general <br>1- Secretario gremial <br>1- Secretario de administraci\u00f3n y finanzas <br>1- Secretario de acci\u00f3n social, cultura y deporte <br>1- Vocal titular  <br>2- Delegados titulares <br>2- Delegados suplentes<\/p>\n","protected":false},"excerpt":{"rendered":"<p>ASOCIACI\u00d3N DEL PERSONAL DEL INSTITUTO NACIONAL DE TECNOLOG\u00cdA AGROPECUARIA (APINTA) CONVOCATORIA A ELECCIONES COMISI\u00d3N Y CUERPO DE DELEGADOS SECCIONAL SAN PEDRO APINTA convoca a&nbsp; elecciones para renovar la comisi\u00f3n y el cuerpo de delegados de la seccional San Pedro el 03 de marzo de 2022 en el horario de 9 a 15 hs. Para el [&hellip;]<\/p>\n","protected":false},"author":4,"featured_media":102201,"comment_status":"closed","ping_status":"closed","sticky":false,"template":"","format":"standard","meta":{"om_disable_all_campaigns":false,"_jetpack_memberships_contains_paid_content":false,"footnotes":""},"categories":[678,676],"tags":[2547,1121,1355],"class_list":["post-102200","post","type-post","status-publish","format-standard","has-post-thumbnail","hentry","category-convocatorias","category-edictos","tag-apinta-llama-a-elecciones-de-comision-y-cuerpo-de-delegados-seccional-san-pedro","tag-edicto","tag-judiciales"],"aioseo_notices":[],"gutentor_comment":0,"jetpack_featured_media_url":"https:\/\/eldiariodesanpedro.com.ar\/sitio\/wp-content\/uploads\/2021\/12\/a.jpg","jetpack_shortlink":"https:\/\/wp.me\/p6RhLt-qAo","jetpack_sharing_enabled":true,"_links":{"self":[{"href":"https:\/\/eldiariodesanpedro.com.ar\/sitio\/wp-json\/wp\/v2\/posts\/102200","targetHints":{"allow":["GET"]}}],"collection":[{"href":"https:\/\/eldiariodesanpedro.com.ar\/sitio\/wp-json\/wp\/v2\/posts"}],"about":[{"href":"https:\/\/eldiariodesanpedro.com.ar\/sitio\/wp-json\/wp\/v2\/types\/post"}],"author":[{"embeddable":true,"href":"https:\/\/eldiariodesanpedro.com.ar\/sitio\/wp-json\/wp\/v2\/users\/4"}],"replies":[{"embeddable":true,"href":"https:\/\/eldiariodesanpedro.com.ar\/sitio\/wp-json\/wp\/v2\/comments?post=102200"}],"version-history":[{"count":1,"href":"https:\/\/eldiariodesanpedro.com.ar\/sitio\/wp-json\/wp\/v2\/posts\/102200\/revisions"}],"predecessor-version":[{"id":102202,"href":"https:\/\/eldiariodesanpedro.com.ar\/sitio\/wp-json\/wp\/v2\/posts\/102200\/revisions\/102202"}],"wp:featuredmedia":[{"embeddable":true,"href":"https:\/\/eldiariodesanpedro.com.ar\/sitio\/wp-json\/wp\/v2\/media\/102201"}],"wp:attachment":[{"href":"https:\/\/eldiariodesanpedro.com.ar\/sitio\/wp-json\/wp\/v2\/media?parent=102200"}],"wp:term":[{"taxonomy":"category","embeddable":true,"href":"https:\/\/eldiariodesanpedro.com.ar\/sitio\/wp-json\/wp\/v2\/categories?post=102200"},{"taxonomy":"post_tag","embeddable":true,"href":"https:\/\/eldiariodesanpedro.com.ar\/sitio\/wp-json\/wp\/v2\/tags?post=102200"}],"curies":[{"name":"wp","href":"https:\/\/api.w.org\/{rel}","templated":true}]}}