{"id":102194,"date":"2021-12-14T16:13:03","date_gmt":"2021-12-14T19:13:03","guid":{"rendered":"https:\/\/eldiariodesanpedro.com.ar\/sitio\/?p=102194"},"modified":"2021-12-14T16:15:43","modified_gmt":"2021-12-14T19:15:43","slug":"se-realizara-la-pavimentacion-de-av-san-lorenzo-y-mejoras-en-zona-costanera","status":"publish","type":"post","link":"https:\/\/eldiariodesanpedro.com.ar\/sitio\/se-realizara-la-pavimentacion-de-av-san-lorenzo-y-mejoras-en-zona-costanera\/","title":{"rendered":"Se realizar\u00e1 la pavimentaci\u00f3n de Av. San Lorenzo y mejoras en zona costanera"},"content":{"rendered":"<!-- VideographyWP Plugin Message: Automatic video embedding prevented by plugin options. -->\n\n<p>Se firm\u00f3 esta ma\u00f1ana el convenio entre el Ministerio de Obras P\u00fablicas de la Naci\u00f3n y la Municipalidad de San Pedro para concretar a trav\u00e9s de un proyecto de la Secretar\u00eda de Obras P\u00fablicas, Planeamiento y Catastro, la repavimentaci\u00f3n de la calle San Lorenzo, continuando con la puesta en valor de la zona ribere\u00f1a.<\/p>\n\n\n\n<p>Con el prop\u00f3sito de incorporar caracter\u00edsticas similares a las que hoy cuenta la zona del Paseo de los Canastos en Avenida 11 de Septiembre y su intersecci\u00f3n con la costanera, se llevar\u00e1 adelante una obra de 1.500 metros de cord\u00f3n cuneta y pavimento articulado (adoquines), con un costo de $ 60.5 millones y un plazo de obra estipulado en 90 d\u00edas desde la adjudicaci\u00f3n de la misma. La firma de este convenio espec\u00edfico permite iniciar la etapa de contrataci\u00f3n.<\/p>\n\n\n\n<p>Otra importante transformaci\u00f3n de una de las zonas m\u00e1s transitadas por sampedrinos y turistas que beneficiar\u00e1 adem\u00e1s a decenas de familias que ya cuentan con una cuadr\u00edcula con este tipo de obra en varias manzanas.<\/p>\n\n\n\n<figure class=\"wp-block-image size-full\"><img decoding=\"async\" width=\"840\" height=\"630\" data-attachment-id=\"102198\" data-permalink=\"https:\/\/eldiariodesanpedro.com.ar\/sitio\/se-realizara-la-pavimentacion-de-av-san-lorenzo-y-mejoras-en-zona-costanera\/whatsapp-image-2021-12-14-at-14-35-34-1\/\" data-orig-file=\"https:\/\/eldiariodesanpedro.com.ar\/sitio\/wp-content\/uploads\/2021\/12\/WhatsApp-Image-2021-12-14-at-14.35.34-1.jpeg\" data-orig-size=\"840,630\" data-comments-opened=\"0\" data-image-meta=\"{&quot;aperture&quot;:&quot;0&quot;,&quot;credit&quot;:&quot;&quot;,&quot;camera&quot;:&quot;&quot;,&quot;caption&quot;:&quot;&quot;,&quot;created_timestamp&quot;:&quot;0&quot;,&quot;copyright&quot;:&quot;&quot;,&quot;focal_length&quot;:&quot;0&quot;,&quot;iso&quot;:&quot;0&quot;,&quot;shutter_speed&quot;:&quot;0&quot;,&quot;title&quot;:&quot;&quot;,&quot;orientation&quot;:&quot;0&quot;}\" data-image-title=\"WhatsApp-Image-2021-12-14-at-14.35.34-1\" data-image-description=\"\" data-image-caption=\"\" data-large-file=\"https:\/\/eldiariodesanpedro.com.ar\/sitio\/wp-content\/uploads\/2021\/12\/WhatsApp-Image-2021-12-14-at-14.35.34-1.jpeg\" data-src=\"https:\/\/eldiariodesanpedro.com.ar\/sitio\/wp-content\/uploads\/2021\/12\/WhatsApp-Image-2021-12-14-at-14.35.34-1.jpeg\" alt=\"\" class=\"wp-image-102198 lazyload\" data-srcset=\"https:\/\/eldiariodesanpedro.com.ar\/sitio\/wp-content\/uploads\/2021\/12\/WhatsApp-Image-2021-12-14-at-14.35.34-1.jpeg 840w, https:\/\/eldiariodesanpedro.com.ar\/sitio\/wp-content\/uploads\/2021\/12\/WhatsApp-Image-2021-12-14-at-14.35.34-1-300x225.jpeg 300w, https:\/\/eldiariodesanpedro.com.ar\/sitio\/wp-content\/uploads\/2021\/12\/WhatsApp-Image-2021-12-14-at-14.35.34-1-768x576.jpeg 768w, https:\/\/eldiariodesanpedro.com.ar\/sitio\/wp-content\/uploads\/2021\/12\/WhatsApp-Image-2021-12-14-at-14.35.34-1-500x375.jpeg 500w\" data-sizes=\"(max-width: 840px) 100vw, 840px\" src=\"data:image\/svg+xml;base64,PHN2ZyB3aWR0aD0iMSIgaGVpZ2h0PSIxIiB4bWxucz0iaHR0cDovL3d3dy53My5vcmcvMjAwMC9zdmciPjwvc3ZnPg==\" style=\"--smush-placeholder-width: 840px; --smush-placeholder-aspect-ratio: 840\/630;\" \/><\/figure>\n","protected":false},"excerpt":{"rendered":"<p>Se firm\u00f3 esta ma\u00f1ana el convenio entre el Ministerio de Obras P\u00fablicas de la Naci\u00f3n y la Municipalidad de San Pedro para concretar a trav\u00e9s de un proyecto de la Secretar\u00eda de Obras P\u00fablicas, Planeamiento y Catastro, la repavimentaci\u00f3n de la calle San Lorenzo, continuando con la puesta en valor de la zona ribere\u00f1a. Con [&hellip;]<\/p>\n","protected":false},"author":4,"featured_media":102195,"comment_status":"closed","ping_status":"closed","sticky":false,"template":"","format":"standard","meta":{"om_disable_all_campaigns":false,"_jetpack_memberships_contains_paid_content":false,"footnotes":""},"categories":[50,101,2],"tags":[197,696,33,19],"class_list":["post-102194","post","type-post","status-publish","format-standard","has-post-thumbnail","hentry","category-destacadas","category-interes-general-locales","category-locales","tag-buenos-aires","tag-interes-general","tag-locales","tag-san-pedro"],"aioseo_notices":[],"gutentor_comment":0,"jetpack_featured_media_url":"https:\/\/eldiariodesanpedro.com.ar\/sitio\/wp-content\/uploads\/2021\/12\/medida-4.jpg","jetpack_shortlink":"https:\/\/wp.me\/p6RhLt-qAi","jetpack_sharing_enabled":true,"_links":{"self":[{"href":"https:\/\/eldiariodesanpedro.com.ar\/sitio\/wp-json\/wp\/v2\/posts\/102194","targetHints":{"allow":["GET"]}}],"collection":[{"href":"https:\/\/eldiariodesanpedro.com.ar\/sitio\/wp-json\/wp\/v2\/posts"}],"about":[{"href":"https:\/\/eldiariodesanpedro.com.ar\/sitio\/wp-json\/wp\/v2\/types\/post"}],"author":[{"embeddable":true,"href":"https:\/\/eldiariodesanpedro.com.ar\/sitio\/wp-json\/wp\/v2\/users\/4"}],"replies":[{"embeddable":true,"href":"https:\/\/eldiariodesanpedro.com.ar\/sitio\/wp-json\/wp\/v2\/comments?post=102194"}],"version-history":[{"count":2,"href":"https:\/\/eldiariodesanpedro.com.ar\/sitio\/wp-json\/wp\/v2\/posts\/102194\/revisions"}],"predecessor-version":[{"id":102199,"href":"https:\/\/eldiariodesanpedro.com.ar\/sitio\/wp-json\/wp\/v2\/posts\/102194\/revisions\/102199"}],"wp:featuredmedia":[{"embeddable":true,"href":"https:\/\/eldiariodesanpedro.com.ar\/sitio\/wp-json\/wp\/v2\/media\/102195"}],"wp:attachment":[{"href":"https:\/\/eldiariodesanpedro.com.ar\/sitio\/wp-json\/wp\/v2\/media?parent=102194"}],"wp:term":[{"taxonomy":"category","embeddable":true,"href":"https:\/\/eldiariodesanpedro.com.ar\/sitio\/wp-json\/wp\/v2\/categories?post=102194"},{"taxonomy":"post_tag","embeddable":true,"href":"https:\/\/eldiariodesanpedro.com.ar\/sitio\/wp-json\/wp\/v2\/tags?post=102194"}],"curies":[{"name":"wp","href":"https:\/\/api.w.org\/{rel}","templated":true}]}}