{"id":10219,"date":"2016-11-14T21:15:25","date_gmt":"2016-11-15T00:15:25","guid":{"rendered":"https:\/\/eldiariodesanpedro.com.ar\/sitio\/?p=10219"},"modified":"2016-11-14T21:15:25","modified_gmt":"2016-11-15T00:15:25","slug":"recuperan-motocicleta-robada","status":"publish","type":"post","link":"https:\/\/eldiariodesanpedro.com.ar\/sitio\/recuperan-motocicleta-robada\/","title":{"rendered":"Recuperan motocicleta robada"},"content":{"rendered":"<p><!-- VideographyWP Plugin Message: Automatic video embedding prevented by plugin options. --><br \/>\nEn el d\u00eda domingo, en horas de la tarde, en las calles Juan B. Justo y Almafuerte, personal policial procedi\u00f3 a identificar a una mujer mayor de edad, quien circulaba en una moto Guerrero Trip color rojo. Al verificar n\u00famero de cuadro y motor, se detect\u00f3 que pose\u00eda pedido de captura activo por hurto del d\u00eda 28 de abril de 2016. <\/p>\n<p>La mujer fue trasladada a la comisar\u00eda local, donde fue notificada por la causa y puesta posteriormente en libertad.<\/p>\n","protected":false},"excerpt":{"rendered":"<p>En el d\u00eda domingo, en horas de la tarde, en las calles Juan B. Justo y Almafuerte, personal policial procedi\u00f3 a identificar a una mujer mayor de edad, quien circulaba en una moto Guerrero Trip color rojo. Al verificar n\u00famero de cuadro y motor, se detect\u00f3 que pose\u00eda pedido de captura activo por hurto del [&hellip;]<\/p>\n","protected":false},"author":4,"featured_media":3029,"comment_status":"open","ping_status":"closed","sticky":false,"template":"","format":"standard","meta":{"om_disable_all_campaigns":false,"_jetpack_memberships_contains_paid_content":false,"footnotes":""},"categories":[2,103],"tags":[],"class_list":["post-10219","post","type-post","status-publish","format-standard","has-post-thumbnail","hentry","category-locales","category-policiales-locales"],"aioseo_notices":[],"gutentor_comment":0,"jetpack_featured_media_url":"https:\/\/eldiariodesanpedro.com.ar\/sitio\/wp-content\/uploads\/2016\/04\/moto-patrullero.jpg","jetpack_shortlink":"https:\/\/wp.me\/p6RhLt-2EP","jetpack_sharing_enabled":true,"_links":{"self":[{"href":"https:\/\/eldiariodesanpedro.com.ar\/sitio\/wp-json\/wp\/v2\/posts\/10219","targetHints":{"allow":["GET"]}}],"collection":[{"href":"https:\/\/eldiariodesanpedro.com.ar\/sitio\/wp-json\/wp\/v2\/posts"}],"about":[{"href":"https:\/\/eldiariodesanpedro.com.ar\/sitio\/wp-json\/wp\/v2\/types\/post"}],"author":[{"embeddable":true,"href":"https:\/\/eldiariodesanpedro.com.ar\/sitio\/wp-json\/wp\/v2\/users\/4"}],"replies":[{"embeddable":true,"href":"https:\/\/eldiariodesanpedro.com.ar\/sitio\/wp-json\/wp\/v2\/comments?post=10219"}],"version-history":[{"count":1,"href":"https:\/\/eldiariodesanpedro.com.ar\/sitio\/wp-json\/wp\/v2\/posts\/10219\/revisions"}],"predecessor-version":[{"id":10221,"href":"https:\/\/eldiariodesanpedro.com.ar\/sitio\/wp-json\/wp\/v2\/posts\/10219\/revisions\/10221"}],"wp:featuredmedia":[{"embeddable":true,"href":"https:\/\/eldiariodesanpedro.com.ar\/sitio\/wp-json\/wp\/v2\/media\/3029"}],"wp:attachment":[{"href":"https:\/\/eldiariodesanpedro.com.ar\/sitio\/wp-json\/wp\/v2\/media?parent=10219"}],"wp:term":[{"taxonomy":"category","embeddable":true,"href":"https:\/\/eldiariodesanpedro.com.ar\/sitio\/wp-json\/wp\/v2\/categories?post=10219"},{"taxonomy":"post_tag","embeddable":true,"href":"https:\/\/eldiariodesanpedro.com.ar\/sitio\/wp-json\/wp\/v2\/tags?post=10219"}],"curies":[{"name":"wp","href":"https:\/\/api.w.org\/{rel}","templated":true}]}}