{"id":102188,"date":"2021-12-14T15:56:03","date_gmt":"2021-12-14T18:56:03","guid":{"rendered":"https:\/\/eldiariodesanpedro.com.ar\/sitio\/?p=102188"},"modified":"2021-12-14T15:58:42","modified_gmt":"2021-12-14T18:58:42","slug":"festival-del-fortin-jineteada-desfile-traducicional-san-pedro-barber-fest-entre-otros-eventos","status":"publish","type":"post","link":"https:\/\/eldiariodesanpedro.com.ar\/sitio\/festival-del-fortin-jineteada-desfile-traducicional-san-pedro-barber-fest-entre-otros-eventos\/","title":{"rendered":""},"content":{"rendered":"<!-- VideographyWP Plugin Message: Automatic video embedding prevented by plugin options. -->\n\n<p>La secretaria de Turismo y Cultura Marcela Cu\u00f1er llev\u00f3 a cabo una conferencia de prensa junto a Leonardo Buonfante, representante del Fort\u00edn San Pedro para presentar las actividades previstas para el pr\u00f3ximo fin de semana en la ciudad que contar\u00e1 con varias alternativas art\u00edsticas y culturales, con el 59\u00b0 aniversario de la entidad como atractivo principal, que comenzar\u00e1 desde el jueves 16 de diciembre y se extender\u00e1 hasta el domingo 19 con actividades que incluyen campeonato de truco, Pialadas, Montas para aficionados, noche de los j\u00f3venes, campeonato de jinetes, jineteadas y desfiles por las calles de la ciudad.<\/p>\n\n\n\n<p>El s\u00e1bado, en el Centro Cultural Abelardo Castillo, se llevar\u00e1 a cabo el casting para la temporada de verano convocado por CV Producciones. Los interesados deber\u00e1n concurrir con una performance de 1 minuto ya sean bailarines, cantantes, actores o humoristas.<br>Los ganadores participar\u00e1n los s\u00e1bados de temporada, junto a Marcelo Polino y Marcela Tauro por un premio final en efectivo y una beca para continuar capacit\u00e1ndose.<br>Adem\u00e1s, se realizar\u00e1 una feria navide\u00f1a en la localidad de Santa Luc\u00eda organizada por la comunidad y representantes del Museo del Centenario y otra feria en el Paseo P\u00fablico Municipal que acompa\u00f1ar\u00e1 la Barber Fest a desarrollarse el domingo 19 de diciembre a partir de las 13 hs. con batalla de m\u00fasica y shows para toda la familia. Tambi\u00e9n, en el club Independencia, se realizar\u00e1 el primer festival de danza y canto.<\/p>\n\n\n\n<p>Agenda del fin de semana:<\/p>\n\n\n\n<p><strong>Jueves 16 de diciembre <\/strong><br>Desde las 21.00 hs. en el Fort\u00edn San Pedro (Campeonato de Truco)<\/p>\n\n\n\n<p><strong>Viernes 17 de diciembre <\/strong><br>Desde las 9.00 hs. en el Fort\u00edn San Pedro (Pialada, Monta para aficionados y Noche de los j\u00f3venes)<\/p>\n\n\n\n<p><strong>S\u00e1bado 18 de diciembre <\/strong><br>Desde las 9.00 hs. en el Fort\u00edn San Pedro (Clasificaci\u00f3n de tropillas a contrapunto, campeonato del jinete por la rastra del fort\u00edn, concentraci\u00f3n de los centros tradicionalistas para el desfile por las calles de la ciudad, gran bailanta). <br>Desde las 10 hs. Casting de CV Producciones para la temporada de verano en el Centro Cultural Abelardo Castillo. Desde las 18 hs. Feria de emprendedores y artesanos en plaza San Mart\u00edn de Santa Luc\u00eda. <br>Desde el mediod\u00eda Feria Navide\u00f1a en el Paseo P\u00fablico Municipal <br>Desde las 19 hs. Muestra Anual de Felicitas Fari\u00f1a \u201cObras 2010 \u2013 2020\u201d en Museo Hist\u00f3rico Fray Jos\u00e9 Mar\u00eda Bottaro.<\/p>\n\n\n\n<p><strong>Domingo 19 de diciembre <\/strong><br>Desde las 9.00 hs. en el Fort\u00edn San Pedro (Jineteada categor\u00edas basto y encimera, montada de petisos con los jinetes del futuro, Gran Broche de oro con categor\u00eda clinas, Cierre del festival con el gran sorteo de la rifa, monta especial del campe\u00f3n de diamante Braian G\u00f3mez de Madariaga Vs el 22 Corto de N\u00e9stor Sosa) <br>Desde las 11 hs. San Pedro es Danza en Independencia F\u00fatbol Club <br>Desde el mediod\u00eda Feria Navide\u00f1a en el Paseo P\u00fablico Municipal <br>Desde las 13 hs. San Pedro Barber Fest en el Paseo P\u00fablico Municipal<\/p>\n\n\n\n<iframe data-src=\"https:\/\/www.facebook.com\/plugins\/video.php?height=288&#038;href=https%3A%2F%2Fwww.facebook.com%2Fdiariosp2%2Fvideos%2F232180019032756%2F&#038;show_text=false&#038;width=560&#038;t=0\" width=\"560\" height=\"288\" style=\"border:none;overflow:hidden\" scrolling=\"no\" frameborder=\"0\" allowfullscreen=\"true\" allow=\"autoplay; clipboard-write; encrypted-media; picture-in-picture; web-share\" allowFullScreen=\"true\" src=\"data:image\/svg+xml;base64,PHN2ZyB3aWR0aD0iMSIgaGVpZ2h0PSIxIiB4bWxucz0iaHR0cDovL3d3dy53My5vcmcvMjAwMC9zdmciPjwvc3ZnPg==\" class=\"lazyload\" data-load-mode=\"1\"><\/iframe>\n\n\n\n<figure class=\"wp-block-image size-full\"><img decoding=\"async\" width=\"840\" height=\"630\" data-attachment-id=\"102192\" data-permalink=\"https:\/\/eldiariodesanpedro.com.ar\/sitio\/festival-del-fortin-jineteada-desfile-traducicional-san-pedro-barber-fest-entre-otros-eventos\/whatsapp-image-2021-12-14-at-13-20-56\/\" data-orig-file=\"https:\/\/eldiariodesanpedro.com.ar\/sitio\/wp-content\/uploads\/2021\/12\/WhatsApp-Image-2021-12-14-at-13.20.56.jpeg\" data-orig-size=\"840,630\" data-comments-opened=\"0\" data-image-meta=\"{&quot;aperture&quot;:&quot;0&quot;,&quot;credit&quot;:&quot;&quot;,&quot;camera&quot;:&quot;&quot;,&quot;caption&quot;:&quot;&quot;,&quot;created_timestamp&quot;:&quot;0&quot;,&quot;copyright&quot;:&quot;&quot;,&quot;focal_length&quot;:&quot;0&quot;,&quot;iso&quot;:&quot;0&quot;,&quot;shutter_speed&quot;:&quot;0&quot;,&quot;title&quot;:&quot;&quot;,&quot;orientation&quot;:&quot;0&quot;}\" data-image-title=\"WhatsApp-Image-2021-12-14-at-13.20.56\" data-image-description=\"\" data-image-caption=\"\" data-large-file=\"https:\/\/eldiariodesanpedro.com.ar\/sitio\/wp-content\/uploads\/2021\/12\/WhatsApp-Image-2021-12-14-at-13.20.56.jpeg\" data-src=\"https:\/\/eldiariodesanpedro.com.ar\/sitio\/wp-content\/uploads\/2021\/12\/WhatsApp-Image-2021-12-14-at-13.20.56.jpeg\" alt=\"\" class=\"wp-image-102192 lazyload\" data-srcset=\"https:\/\/eldiariodesanpedro.com.ar\/sitio\/wp-content\/uploads\/2021\/12\/WhatsApp-Image-2021-12-14-at-13.20.56.jpeg 840w, https:\/\/eldiariodesanpedro.com.ar\/sitio\/wp-content\/uploads\/2021\/12\/WhatsApp-Image-2021-12-14-at-13.20.56-300x225.jpeg 300w, https:\/\/eldiariodesanpedro.com.ar\/sitio\/wp-content\/uploads\/2021\/12\/WhatsApp-Image-2021-12-14-at-13.20.56-768x576.jpeg 768w, https:\/\/eldiariodesanpedro.com.ar\/sitio\/wp-content\/uploads\/2021\/12\/WhatsApp-Image-2021-12-14-at-13.20.56-500x375.jpeg 500w\" data-sizes=\"(max-width: 840px) 100vw, 840px\" src=\"data:image\/svg+xml;base64,PHN2ZyB3aWR0aD0iMSIgaGVpZ2h0PSIxIiB4bWxucz0iaHR0cDovL3d3dy53My5vcmcvMjAwMC9zdmciPjwvc3ZnPg==\" style=\"--smush-placeholder-width: 840px; --smush-placeholder-aspect-ratio: 840\/630;\" \/><\/figure>\n","protected":false},"excerpt":{"rendered":"<p>La secretaria de Turismo y Cultura Marcela Cu\u00f1er llev\u00f3 a cabo una conferencia de prensa junto a Leonardo Buonfante, representante del Fort\u00edn San Pedro para presentar las actividades previstas para el pr\u00f3ximo fin de semana en la ciudad que contar\u00e1 con varias alternativas art\u00edsticas y culturales, con el 59\u00b0 aniversario de la entidad como atractivo [&hellip;]<\/p>\n","protected":false},"author":4,"featured_media":102189,"comment_status":"closed","ping_status":"closed","sticky":false,"template":"","format":"standard","meta":{"om_disable_all_campaigns":false,"_jetpack_memberships_contains_paid_content":false,"footnotes":""},"categories":[50,101,2],"tags":[197,696,33,19],"class_list":["post-102188","post","type-post","status-publish","format-standard","has-post-thumbnail","hentry","category-destacadas","category-interes-general-locales","category-locales","tag-buenos-aires","tag-interes-general","tag-locales","tag-san-pedro"],"aioseo_notices":[],"gutentor_comment":0,"jetpack_featured_media_url":"https:\/\/eldiariodesanpedro.com.ar\/sitio\/wp-content\/uploads\/2021\/12\/78095363_1775930779215345_5853052727998808064_n.jpg","jetpack_shortlink":"https:\/\/wp.me\/p6RhLt-qAc","jetpack_sharing_enabled":true,"_links":{"self":[{"href":"https:\/\/eldiariodesanpedro.com.ar\/sitio\/wp-json\/wp\/v2\/posts\/102188","targetHints":{"allow":["GET"]}}],"collection":[{"href":"https:\/\/eldiariodesanpedro.com.ar\/sitio\/wp-json\/wp\/v2\/posts"}],"about":[{"href":"https:\/\/eldiariodesanpedro.com.ar\/sitio\/wp-json\/wp\/v2\/types\/post"}],"author":[{"embeddable":true,"href":"https:\/\/eldiariodesanpedro.com.ar\/sitio\/wp-json\/wp\/v2\/users\/4"}],"replies":[{"embeddable":true,"href":"https:\/\/eldiariodesanpedro.com.ar\/sitio\/wp-json\/wp\/v2\/comments?post=102188"}],"version-history":[{"count":2,"href":"https:\/\/eldiariodesanpedro.com.ar\/sitio\/wp-json\/wp\/v2\/posts\/102188\/revisions"}],"predecessor-version":[{"id":102193,"href":"https:\/\/eldiariodesanpedro.com.ar\/sitio\/wp-json\/wp\/v2\/posts\/102188\/revisions\/102193"}],"wp:featuredmedia":[{"embeddable":true,"href":"https:\/\/eldiariodesanpedro.com.ar\/sitio\/wp-json\/wp\/v2\/media\/102189"}],"wp:attachment":[{"href":"https:\/\/eldiariodesanpedro.com.ar\/sitio\/wp-json\/wp\/v2\/media?parent=102188"}],"wp:term":[{"taxonomy":"category","embeddable":true,"href":"https:\/\/eldiariodesanpedro.com.ar\/sitio\/wp-json\/wp\/v2\/categories?post=102188"},{"taxonomy":"post_tag","embeddable":true,"href":"https:\/\/eldiariodesanpedro.com.ar\/sitio\/wp-json\/wp\/v2\/tags?post=102188"}],"curies":[{"name":"wp","href":"https:\/\/api.w.org\/{rel}","templated":true}]}}