{"id":102179,"date":"2021-12-14T15:21:24","date_gmt":"2021-12-14T18:21:24","guid":{"rendered":"https:\/\/eldiariodesanpedro.com.ar\/sitio\/?p=102179"},"modified":"2021-12-14T15:21:26","modified_gmt":"2021-12-14T18:21:26","slug":"tres-delicuentes-armados-ingresaron-a-una-casa-de-campo-sobre-ruta-9-y-le-robaron-a-un-abuelo-de-78-anos","status":"publish","type":"post","link":"https:\/\/eldiariodesanpedro.com.ar\/sitio\/tres-delicuentes-armados-ingresaron-a-una-casa-de-campo-sobre-ruta-9-y-le-robaron-a-un-abuelo-de-78-anos\/","title":{"rendered":"Tres delicuentes armados ingresaron a una casa de campo sobre ruta 9 y le robaron a un abuelo de 78 a\u00f1os"},"content":{"rendered":"<!-- VideographyWP Plugin Message: Automatic video embedding prevented by plugin options. -->\n\n<p>En la jornada&nbsp; de hoy promediando la 01 hs la polic\u00eda de nuestra ciudad acude a un robo consumado en la zona rural ubicado en Ruta 9 km 158,5 carril Buenos Aires &#8211; Rosario donde al menos 3 delincuentes masculinos armados sorprendieron morador un ciudadano de 78 a\u00f1os y&nbsp; sustraer&nbsp; pertenencias, herramientas y vestimentas,&nbsp; huyendo en&nbsp; pickup propiedad v\u00edctima.<\/p>\n\n\n\n<p>Momentos despu\u00e9s se toma conocimiento de veh\u00edculo incendiado en zona rural del km 172,500 de la ruta 9, certificando que se trataba de la sustra\u00edda, la v\u00edctima result\u00f3 ilesa, estuvo presente en la escena personal judicial.&nbsp;<\/p>\n\n\n\n<p>Peritos de polic\u00eda cient\u00edfica y DDI que encabezaron la investigaci\u00f3n con intervenci\u00f3n de la UFI 7 local.&nbsp;<\/p>\n","protected":false},"excerpt":{"rendered":"<p>En la jornada&nbsp; de hoy promediando la 01 hs la polic\u00eda de nuestra ciudad acude a un robo consumado en la zona rural ubicado en Ruta 9 km 158,5 carril Buenos Aires &#8211; Rosario donde al menos 3 delincuentes masculinos armados sorprendieron morador un ciudadano de 78 a\u00f1os y&nbsp; sustraer&nbsp; pertenencias, herramientas y vestimentas,&nbsp; huyendo [&hellip;]<\/p>\n","protected":false},"author":4,"featured_media":102180,"comment_status":"closed","ping_status":"closed","sticky":false,"template":"","format":"standard","meta":{"om_disable_all_campaigns":false,"_jetpack_memberships_contains_paid_content":false,"footnotes":""},"categories":[50,2,103],"tags":[197,696,33,19],"class_list":["post-102179","post","type-post","status-publish","format-standard","has-post-thumbnail","hentry","category-destacadas","category-locales","category-policiales-locales","tag-buenos-aires","tag-interes-general","tag-locales","tag-san-pedro"],"aioseo_notices":[],"gutentor_comment":0,"jetpack_featured_media_url":"https:\/\/eldiariodesanpedro.com.ar\/sitio\/wp-content\/uploads\/2021\/12\/b2ap3_large_patrural.jpg","jetpack_shortlink":"https:\/\/wp.me\/p6RhLt-qA3","jetpack_sharing_enabled":true,"_links":{"self":[{"href":"https:\/\/eldiariodesanpedro.com.ar\/sitio\/wp-json\/wp\/v2\/posts\/102179","targetHints":{"allow":["GET"]}}],"collection":[{"href":"https:\/\/eldiariodesanpedro.com.ar\/sitio\/wp-json\/wp\/v2\/posts"}],"about":[{"href":"https:\/\/eldiariodesanpedro.com.ar\/sitio\/wp-json\/wp\/v2\/types\/post"}],"author":[{"embeddable":true,"href":"https:\/\/eldiariodesanpedro.com.ar\/sitio\/wp-json\/wp\/v2\/users\/4"}],"replies":[{"embeddable":true,"href":"https:\/\/eldiariodesanpedro.com.ar\/sitio\/wp-json\/wp\/v2\/comments?post=102179"}],"version-history":[{"count":1,"href":"https:\/\/eldiariodesanpedro.com.ar\/sitio\/wp-json\/wp\/v2\/posts\/102179\/revisions"}],"predecessor-version":[{"id":102181,"href":"https:\/\/eldiariodesanpedro.com.ar\/sitio\/wp-json\/wp\/v2\/posts\/102179\/revisions\/102181"}],"wp:featuredmedia":[{"embeddable":true,"href":"https:\/\/eldiariodesanpedro.com.ar\/sitio\/wp-json\/wp\/v2\/media\/102180"}],"wp:attachment":[{"href":"https:\/\/eldiariodesanpedro.com.ar\/sitio\/wp-json\/wp\/v2\/media?parent=102179"}],"wp:term":[{"taxonomy":"category","embeddable":true,"href":"https:\/\/eldiariodesanpedro.com.ar\/sitio\/wp-json\/wp\/v2\/categories?post=102179"},{"taxonomy":"post_tag","embeddable":true,"href":"https:\/\/eldiariodesanpedro.com.ar\/sitio\/wp-json\/wp\/v2\/tags?post=102179"}],"curies":[{"name":"wp","href":"https:\/\/api.w.org\/{rel}","templated":true}]}}