{"id":102173,"date":"2021-12-14T15:02:25","date_gmt":"2021-12-14T18:02:25","guid":{"rendered":"https:\/\/eldiariodesanpedro.com.ar\/sitio\/?p=102173"},"modified":"2021-12-14T15:02:28","modified_gmt":"2021-12-14T18:02:28","slug":"ciudadano-tras-discusion-familiar-golpeo-a-su-padre-de-74-anos","status":"publish","type":"post","link":"https:\/\/eldiariodesanpedro.com.ar\/sitio\/ciudadano-tras-discusion-familiar-golpeo-a-su-padre-de-74-anos\/","title":{"rendered":"Ciudadano tras discusi\u00f3n familiar golpe\u00f3 a su padre de 74 a\u00f1os"},"content":{"rendered":"<!-- VideographyWP Plugin Message: Automatic video embedding prevented by plugin options. -->\n\n<p>El personal policial acude a un vivienda por el llamado al 911 de un vecino de calle Balcarce al 1000 donde ocurri\u00f3 un conflicto familiar, donde aprehenden a ciudadano de 43 a\u00f1os quien tras discusi\u00f3n con su padre 74 lo amenaza y lo agrede f\u00edsicamente provocando lesiones leves en rostro.&nbsp;&nbsp;<\/p>\n\n\n\n<p>Victima asistido en Comisaria de la Mujer y la Familia. Interviene la fiscal\u00eda local<\/p>\n","protected":false},"excerpt":{"rendered":"<p>El personal policial acude a un vivienda por el llamado al 911 de un vecino de calle Balcarce al 1000 donde ocurri\u00f3 un conflicto familiar, donde aprehenden a ciudadano de 43 a\u00f1os quien tras discusi\u00f3n con su padre 74 lo amenaza y lo agrede f\u00edsicamente provocando lesiones leves en rostro.&nbsp;&nbsp; Victima asistido en Comisaria de [&hellip;]<\/p>\n","protected":false},"author":4,"featured_media":102174,"comment_status":"closed","ping_status":"closed","sticky":false,"template":"","format":"standard","meta":{"om_disable_all_campaigns":false,"_jetpack_memberships_contains_paid_content":false,"footnotes":""},"categories":[2,103],"tags":[197,696,33,95,19],"class_list":["post-102173","post","type-post","status-publish","format-standard","has-post-thumbnail","hentry","category-locales","category-policiales-locales","tag-buenos-aires","tag-interes-general","tag-locales","tag-policiales","tag-san-pedro"],"aioseo_notices":[],"gutentor_comment":0,"jetpack_featured_media_url":"https:\/\/eldiariodesanpedro.com.ar\/sitio\/wp-content\/uploads\/2021\/12\/medida-2.jpg","jetpack_shortlink":"https:\/\/wp.me\/p6RhLt-qzX","jetpack_sharing_enabled":true,"_links":{"self":[{"href":"https:\/\/eldiariodesanpedro.com.ar\/sitio\/wp-json\/wp\/v2\/posts\/102173","targetHints":{"allow":["GET"]}}],"collection":[{"href":"https:\/\/eldiariodesanpedro.com.ar\/sitio\/wp-json\/wp\/v2\/posts"}],"about":[{"href":"https:\/\/eldiariodesanpedro.com.ar\/sitio\/wp-json\/wp\/v2\/types\/post"}],"author":[{"embeddable":true,"href":"https:\/\/eldiariodesanpedro.com.ar\/sitio\/wp-json\/wp\/v2\/users\/4"}],"replies":[{"embeddable":true,"href":"https:\/\/eldiariodesanpedro.com.ar\/sitio\/wp-json\/wp\/v2\/comments?post=102173"}],"version-history":[{"count":1,"href":"https:\/\/eldiariodesanpedro.com.ar\/sitio\/wp-json\/wp\/v2\/posts\/102173\/revisions"}],"predecessor-version":[{"id":102175,"href":"https:\/\/eldiariodesanpedro.com.ar\/sitio\/wp-json\/wp\/v2\/posts\/102173\/revisions\/102175"}],"wp:featuredmedia":[{"embeddable":true,"href":"https:\/\/eldiariodesanpedro.com.ar\/sitio\/wp-json\/wp\/v2\/media\/102174"}],"wp:attachment":[{"href":"https:\/\/eldiariodesanpedro.com.ar\/sitio\/wp-json\/wp\/v2\/media?parent=102173"}],"wp:term":[{"taxonomy":"category","embeddable":true,"href":"https:\/\/eldiariodesanpedro.com.ar\/sitio\/wp-json\/wp\/v2\/categories?post=102173"},{"taxonomy":"post_tag","embeddable":true,"href":"https:\/\/eldiariodesanpedro.com.ar\/sitio\/wp-json\/wp\/v2\/tags?post=102173"}],"curies":[{"name":"wp","href":"https:\/\/api.w.org\/{rel}","templated":true}]}}