{"id":102170,"date":"2021-12-14T14:34:51","date_gmt":"2021-12-14T17:34:51","guid":{"rendered":"https:\/\/eldiariodesanpedro.com.ar\/sitio\/?p=102170"},"modified":"2021-12-14T14:34:54","modified_gmt":"2021-12-14T17:34:54","slug":"una-maestra-de-la-escuela-11-agredida-por-un-padre","status":"publish","type":"post","link":"https:\/\/eldiariodesanpedro.com.ar\/sitio\/una-maestra-de-la-escuela-11-agredida-por-un-padre\/","title":{"rendered":"Una maestra de la escuela 11 agredida por un padre"},"content":{"rendered":"<!-- VideographyWP Plugin Message: Automatic video embedding prevented by plugin options. -->\n\n<p>El hecho ocurri\u00f3 en la ma\u00f1ana de este martes en el establecimiento educativo N\u00ba 11 ubicado en calle Fray Cayetano Rodriguez y Cruz Roja Argentina cuando una docente fue agredida por el padre de uno de sus alumnos, amenazando de muerte.<\/p>\n\n\n\n<p>Seg\u00fan se pudo informar el padre que no es de ir habitualmente por motivos que se tratan de establecer increp\u00f3 a la docente dentro del establecimiento y luego se fue, minutos m\u00e1s tarde se acerca la madre del menor para retirar al alumno.<\/p>\n","protected":false},"excerpt":{"rendered":"<p>El hecho ocurri\u00f3 en la ma\u00f1ana de este martes en el establecimiento educativo N\u00ba 11 ubicado en calle Fray Cayetano Rodriguez y Cruz Roja Argentina cuando una docente fue agredida por el padre de uno de sus alumnos, amenazando de muerte. Seg\u00fan se pudo informar el padre que no es de ir habitualmente por motivos [&hellip;]<\/p>\n","protected":false},"author":4,"featured_media":102171,"comment_status":"closed","ping_status":"closed","sticky":false,"template":"","format":"standard","meta":{"om_disable_all_campaigns":false,"_jetpack_memberships_contains_paid_content":false,"footnotes":""},"categories":[50,2,103],"tags":[],"class_list":["post-102170","post","type-post","status-publish","format-standard","has-post-thumbnail","hentry","category-destacadas","category-locales","category-policiales-locales"],"aioseo_notices":[],"gutentor_comment":0,"jetpack_featured_media_url":"https:\/\/eldiariodesanpedro.com.ar\/sitio\/wp-content\/uploads\/2021\/12\/Escuela-11.jpg","jetpack_shortlink":"https:\/\/wp.me\/p6RhLt-qzU","jetpack_sharing_enabled":true,"_links":{"self":[{"href":"https:\/\/eldiariodesanpedro.com.ar\/sitio\/wp-json\/wp\/v2\/posts\/102170","targetHints":{"allow":["GET"]}}],"collection":[{"href":"https:\/\/eldiariodesanpedro.com.ar\/sitio\/wp-json\/wp\/v2\/posts"}],"about":[{"href":"https:\/\/eldiariodesanpedro.com.ar\/sitio\/wp-json\/wp\/v2\/types\/post"}],"author":[{"embeddable":true,"href":"https:\/\/eldiariodesanpedro.com.ar\/sitio\/wp-json\/wp\/v2\/users\/4"}],"replies":[{"embeddable":true,"href":"https:\/\/eldiariodesanpedro.com.ar\/sitio\/wp-json\/wp\/v2\/comments?post=102170"}],"version-history":[{"count":1,"href":"https:\/\/eldiariodesanpedro.com.ar\/sitio\/wp-json\/wp\/v2\/posts\/102170\/revisions"}],"predecessor-version":[{"id":102172,"href":"https:\/\/eldiariodesanpedro.com.ar\/sitio\/wp-json\/wp\/v2\/posts\/102170\/revisions\/102172"}],"wp:featuredmedia":[{"embeddable":true,"href":"https:\/\/eldiariodesanpedro.com.ar\/sitio\/wp-json\/wp\/v2\/media\/102171"}],"wp:attachment":[{"href":"https:\/\/eldiariodesanpedro.com.ar\/sitio\/wp-json\/wp\/v2\/media?parent=102170"}],"wp:term":[{"taxonomy":"category","embeddable":true,"href":"https:\/\/eldiariodesanpedro.com.ar\/sitio\/wp-json\/wp\/v2\/categories?post=102170"},{"taxonomy":"post_tag","embeddable":true,"href":"https:\/\/eldiariodesanpedro.com.ar\/sitio\/wp-json\/wp\/v2\/tags?post=102170"}],"curies":[{"name":"wp","href":"https:\/\/api.w.org\/{rel}","templated":true}]}}