{"id":10217,"date":"2016-11-14T21:15:11","date_gmt":"2016-11-15T00:15:11","guid":{"rendered":"https:\/\/eldiariodesanpedro.com.ar\/sitio\/?p=10217"},"modified":"2016-11-14T21:15:11","modified_gmt":"2016-11-15T00:15:11","slug":"dr-gugger-el-joven-tuvo-una-herida-mortal-y-cayo-en-la-vereda","status":"publish","type":"post","link":"https:\/\/eldiariodesanpedro.com.ar\/sitio\/dr-gugger-el-joven-tuvo-una-herida-mortal-y-cayo-en-la-vereda\/","title":{"rendered":"Dr. Gugger: \u00abEl joven tuvo una herida mortal y cay\u00f3 en la vereda\u00bb"},"content":{"rendered":"<p><!-- VideographyWP Plugin Message: Automatic video embedding prevented by plugin options. --><br \/>\nEl doctor Mauricio Gugger, abogado de los due\u00f1os del local bailable Napole, nos coment\u00f3 sobre el hecho seg\u00fan lo que vieron sus clientes: \u00abNos presentamos en la fiscal\u00eda, donde uno de los due\u00f1os prest\u00f3 declaraci\u00f3n testimonial sobre lo que hab\u00eda vivido anoche y presentamos la documentaci\u00f3n del lugar, lo que es materia de documentaci\u00f3n, que es habilitaci\u00f3n del lugar, las c\u00e1maras de seguridad y tambi\u00e9n algo que es muy importante: la capacitaci\u00f3n del personal de seguridad, que es necesaria y que lo exige la ley. Lo que demuestra que las personas que estaban en la puerta y dentro del local estaban debidamente capacitadas y aptas para el trabajo. Por eso todav\u00eda no hemos podido determinar cu\u00e1l fue la mec\u00e1nica del hecho en s\u00ed, ya que no sabemos el lugar exacto del ataque a las personas. El joven tuvo una herida mortal y cay\u00f3 en la vereda, pero son cuestiones que la Justicia las va determinar a trav\u00e9s de una investigaci\u00f3n\u201d. Sobre la presencia del arma dentro del local se\u00f1al\u00f3: \u201cCabe destacar que el lugar tiene detector de metales, los de seguridad realizan el cacheo pertinente para verificar que no ingresen con ning\u00fan elemento. Por este motivo es imposible que hayan entrado con un elemento contundente o arma blanca, por lo tanto las medidas de seguridad fueron tomadas\u00bb.<\/p>\n","protected":false},"excerpt":{"rendered":"<p>El doctor Mauricio Gugger, abogado de los due\u00f1os del local bailable Napole, nos coment\u00f3 sobre el hecho seg\u00fan lo que vieron sus clientes: \u00abNos presentamos en la fiscal\u00eda, donde uno de los due\u00f1os prest\u00f3 declaraci\u00f3n testimonial sobre lo que hab\u00eda vivido anoche y presentamos la documentaci\u00f3n del lugar, lo que es materia de documentaci\u00f3n, que [&hellip;]<\/p>\n","protected":false},"author":4,"featured_media":10218,"comment_status":"open","ping_status":"closed","sticky":false,"template":"","format":"standard","meta":{"om_disable_all_campaigns":false,"_jetpack_memberships_contains_paid_content":false,"footnotes":""},"categories":[2,103],"tags":[],"class_list":["post-10217","post","type-post","status-publish","format-standard","has-post-thumbnail","hentry","category-locales","category-policiales-locales"],"aioseo_notices":[],"gutentor_comment":0,"jetpack_featured_media_url":"https:\/\/eldiariodesanpedro.com.ar\/sitio\/wp-content\/uploads\/2016\/11\/Gugger-e1479168871651.jpg","jetpack_shortlink":"https:\/\/wp.me\/p6RhLt-2EN","jetpack_sharing_enabled":true,"_links":{"self":[{"href":"https:\/\/eldiariodesanpedro.com.ar\/sitio\/wp-json\/wp\/v2\/posts\/10217","targetHints":{"allow":["GET"]}}],"collection":[{"href":"https:\/\/eldiariodesanpedro.com.ar\/sitio\/wp-json\/wp\/v2\/posts"}],"about":[{"href":"https:\/\/eldiariodesanpedro.com.ar\/sitio\/wp-json\/wp\/v2\/types\/post"}],"author":[{"embeddable":true,"href":"https:\/\/eldiariodesanpedro.com.ar\/sitio\/wp-json\/wp\/v2\/users\/4"}],"replies":[{"embeddable":true,"href":"https:\/\/eldiariodesanpedro.com.ar\/sitio\/wp-json\/wp\/v2\/comments?post=10217"}],"version-history":[{"count":1,"href":"https:\/\/eldiariodesanpedro.com.ar\/sitio\/wp-json\/wp\/v2\/posts\/10217\/revisions"}],"predecessor-version":[{"id":10220,"href":"https:\/\/eldiariodesanpedro.com.ar\/sitio\/wp-json\/wp\/v2\/posts\/10217\/revisions\/10220"}],"wp:featuredmedia":[{"embeddable":true,"href":"https:\/\/eldiariodesanpedro.com.ar\/sitio\/wp-json\/wp\/v2\/media\/10218"}],"wp:attachment":[{"href":"https:\/\/eldiariodesanpedro.com.ar\/sitio\/wp-json\/wp\/v2\/media?parent=10217"}],"wp:term":[{"taxonomy":"category","embeddable":true,"href":"https:\/\/eldiariodesanpedro.com.ar\/sitio\/wp-json\/wp\/v2\/categories?post=10217"},{"taxonomy":"post_tag","embeddable":true,"href":"https:\/\/eldiariodesanpedro.com.ar\/sitio\/wp-json\/wp\/v2\/tags?post=10217"}],"curies":[{"name":"wp","href":"https:\/\/api.w.org\/{rel}","templated":true}]}}