{"id":102165,"date":"2021-12-14T14:17:09","date_gmt":"2021-12-14T17:17:09","guid":{"rendered":"https:\/\/eldiariodesanpedro.com.ar\/sitio\/?p=102165"},"modified":"2021-12-14T14:17:13","modified_gmt":"2021-12-14T17:17:13","slug":"un-joven-sampedrino-se-quito-la-vida","status":"publish","type":"post","link":"https:\/\/eldiariodesanpedro.com.ar\/sitio\/un-joven-sampedrino-se-quito-la-vida\/","title":{"rendered":"Un joven sampedrino se quito la vida"},"content":{"rendered":"<!-- VideographyWP Plugin Message: Automatic video embedding prevented by plugin options. -->\n\n<p>Este lunes pasadas las 20 hs personal policial acude a calle Bvard. Moreno al 2000 donde se hall\u00f3 a una persona sin vida, estableci\u00e9ndose que morador un joven de 30 a\u00f1os se quit\u00f3 la vida interior vivienda.&nbsp;<\/p>\n\n\n\n<p>Primeros testimonios de sus familiares refieren que transitaba un conflicto familiar.\u00a0Se realizan pericias de rigor por la polic\u00eda cient\u00edfica,\u00a0 investiga la fiscal\u00eda local en turno.\u00a0<\/p>\n\n\n\n<p>\u00bfQue hacer si sentis un estado de depresion que ponga en riego tu vida?<\/p>\n\n\n\n<p>Desde el Diario tratamos de utilizar estas triste noticias que se hacen virales para concientizar que en caso de extrema necesidad y de sentirse en estado depresivo, esta es la peor decisi\u00f3n que las personas pueden tomar teniendo en cuenta que existen personas que te quieren y apoyan, cuando te sientas mal comunicate con un amigo o un familiar o un profesional para que te pueda escuchar y darte una mano, siempre existe alguna manera de solucionar los problemas.\u00a0<\/p>\n\n\n\n<p>O tambien podes comunicarte telefonicamente al Centro de Atencion al Suicida:<\/p>\n\n\n\n<p>El <a href=\"https:\/\/www.casbuenosaires.com.ar\">Centro de Asistencia al Suicida&nbsp;<\/a>es una instituci\u00f3n sin fines de lucro que desde 1967 brinda <strong>asistencia telef\u00f3nica gratuita, personal, confidencial y an\u00f3nima a personas en crisis o riesgo de suicidio<\/strong> en la l\u00ednea de&nbsp;<a href=\"https:\/\/www.casbuenosaires.com.ar\/ayuda\">prevenci\u00f3n del suicidio<\/a>.<\/p>\n\n\n\n<p>Si Usted, o alg\u00fan familiar o allegado suyo, est\u00e1 atravesando una crisis emocional de cualquier tipo, siente que nada tiene sentido o se encuentra atrapado en una situaci\u00f3n a la que no le encuentra salida, no dude en llamarnos:<\/p>\n\n\n\n<h2 class=\"wp-block-heading\"><img decoding=\"async\" src=\"blob:https:\/\/eldiariodesanpedro.com.ar\/a72e4452-ba80-44a6-bc18-9740d5aff0a1\" alt=\"\">(011) 5275-1135 <em>(desde todo el pa\u00eds)<\/em><\/h2>\n\n\n\n<p>Tambien en el nosocomio local podes acercarte al sector de Salud Mental donde se encentran psicologos predispuestos a darte una mano.<\/p>\n\n\n\n<p>Desde el Diario informamos que se aconseja la no publicacion de este tipo de informacion por que insita a otros a tomar la misma decision, pero nosotro creemos que sirve para concientizar que todos podes ayudar a evitar a que sigan pasando los suicidios.<\/p>\n","protected":false},"excerpt":{"rendered":"<p>Este lunes pasadas las 20 hs personal policial acude a calle Bvard. Moreno al 2000 donde se hall\u00f3 a una persona sin vida, estableci\u00e9ndose que morador un joven de 30 a\u00f1os se quit\u00f3 la vida interior vivienda.&nbsp; Primeros testimonios de sus familiares refieren que transitaba un conflicto familiar.\u00a0Se realizan pericias de rigor por la polic\u00eda [&hellip;]<\/p>\n","protected":false},"author":4,"featured_media":102168,"comment_status":"closed","ping_status":"closed","sticky":false,"template":"","format":"standard","meta":{"om_disable_all_campaigns":false,"_jetpack_memberships_contains_paid_content":false,"footnotes":""},"categories":[50,2,103],"tags":[197,696,33,19],"class_list":["post-102165","post","type-post","status-publish","format-standard","has-post-thumbnail","hentry","category-destacadas","category-locales","category-policiales-locales","tag-buenos-aires","tag-interes-general","tag-locales","tag-san-pedro"],"aioseo_notices":[],"gutentor_comment":0,"jetpack_featured_media_url":"https:\/\/eldiariodesanpedro.com.ar\/sitio\/wp-content\/uploads\/2021\/12\/TOHJ5UXAMJAGDE4URUWLJDQMRU.jpg","jetpack_shortlink":"https:\/\/wp.me\/p6RhLt-qzP","jetpack_sharing_enabled":true,"_links":{"self":[{"href":"https:\/\/eldiariodesanpedro.com.ar\/sitio\/wp-json\/wp\/v2\/posts\/102165","targetHints":{"allow":["GET"]}}],"collection":[{"href":"https:\/\/eldiariodesanpedro.com.ar\/sitio\/wp-json\/wp\/v2\/posts"}],"about":[{"href":"https:\/\/eldiariodesanpedro.com.ar\/sitio\/wp-json\/wp\/v2\/types\/post"}],"author":[{"embeddable":true,"href":"https:\/\/eldiariodesanpedro.com.ar\/sitio\/wp-json\/wp\/v2\/users\/4"}],"replies":[{"embeddable":true,"href":"https:\/\/eldiariodesanpedro.com.ar\/sitio\/wp-json\/wp\/v2\/comments?post=102165"}],"version-history":[{"count":1,"href":"https:\/\/eldiariodesanpedro.com.ar\/sitio\/wp-json\/wp\/v2\/posts\/102165\/revisions"}],"predecessor-version":[{"id":102169,"href":"https:\/\/eldiariodesanpedro.com.ar\/sitio\/wp-json\/wp\/v2\/posts\/102165\/revisions\/102169"}],"wp:featuredmedia":[{"embeddable":true,"href":"https:\/\/eldiariodesanpedro.com.ar\/sitio\/wp-json\/wp\/v2\/media\/102168"}],"wp:attachment":[{"href":"https:\/\/eldiariodesanpedro.com.ar\/sitio\/wp-json\/wp\/v2\/media?parent=102165"}],"wp:term":[{"taxonomy":"category","embeddable":true,"href":"https:\/\/eldiariodesanpedro.com.ar\/sitio\/wp-json\/wp\/v2\/categories?post=102165"},{"taxonomy":"post_tag","embeddable":true,"href":"https:\/\/eldiariodesanpedro.com.ar\/sitio\/wp-json\/wp\/v2\/tags?post=102165"}],"curies":[{"name":"wp","href":"https:\/\/api.w.org\/{rel}","templated":true}]}}