{"id":102162,"date":"2021-12-14T10:10:59","date_gmt":"2021-12-14T13:10:59","guid":{"rendered":"https:\/\/eldiariodesanpedro.com.ar\/sitio\/?p=102162"},"modified":"2021-12-14T10:11:01","modified_gmt":"2021-12-14T13:11:01","slug":"dejo-su-camioneta-del-trabajo-estacionada-y-dos-menores-le-rompieron-el-vidrio-con-gomeras","status":"publish","type":"post","link":"https:\/\/eldiariodesanpedro.com.ar\/sitio\/dejo-su-camioneta-del-trabajo-estacionada-y-dos-menores-le-rompieron-el-vidrio-con-gomeras\/","title":{"rendered":"Dejo su camioneta del trabajo estacionada y dos menores le rompieron el vidrio con gomeras"},"content":{"rendered":"<!-- VideographyWP Plugin Message: Automatic video embedding prevented by plugin options. -->\n\n<p>En la jornada de ayer lunes en horas del mediod\u00eda alrededor de las 12:15 hs se recibi\u00f3 la denuncia por parte de un ciudadano de 24 a\u00f1os que en el dia de la fecha dej\u00f3 su&nbsp; camioneta del trabajo \u201cPersonal Flow\u201d estacionada fuera de un domicilio ubicada en calle Hermano Indio al 700 de este medio, donde al salir da cuenta que ten\u00eda vidrio de lado de conductor da\u00f1ado.&nbsp;Sospechando de unos menores que hab\u00eda divisado quienes estaban con gomeras cerca del lugar. Se investiga con intervenci\u00f3n de la fiscal\u00eda local<\/p>\n","protected":false},"excerpt":{"rendered":"<p>En la jornada de ayer lunes en horas del mediod\u00eda alrededor de las 12:15 hs se recibi\u00f3 la denuncia por parte de un ciudadano de 24 a\u00f1os que en el dia de la fecha dej\u00f3 su&nbsp; camioneta del trabajo \u201cPersonal Flow\u201d estacionada fuera de un domicilio ubicada en calle Hermano Indio al 700 de este [&hellip;]<\/p>\n","protected":false},"author":4,"featured_media":102163,"comment_status":"closed","ping_status":"closed","sticky":false,"template":"","format":"standard","meta":{"om_disable_all_campaigns":false,"_jetpack_memberships_contains_paid_content":false,"footnotes":""},"categories":[2,103],"tags":[197,696,33,19],"class_list":["post-102162","post","type-post","status-publish","format-standard","has-post-thumbnail","hentry","category-locales","category-policiales-locales","tag-buenos-aires","tag-interes-general","tag-locales","tag-san-pedro"],"aioseo_notices":[],"gutentor_comment":0,"jetpack_featured_media_url":"https:\/\/eldiariodesanpedro.com.ar\/sitio\/wp-content\/uploads\/2021\/12\/medida-1.jpg","jetpack_shortlink":"https:\/\/wp.me\/p6RhLt-qzM","jetpack_sharing_enabled":true,"_links":{"self":[{"href":"https:\/\/eldiariodesanpedro.com.ar\/sitio\/wp-json\/wp\/v2\/posts\/102162","targetHints":{"allow":["GET"]}}],"collection":[{"href":"https:\/\/eldiariodesanpedro.com.ar\/sitio\/wp-json\/wp\/v2\/posts"}],"about":[{"href":"https:\/\/eldiariodesanpedro.com.ar\/sitio\/wp-json\/wp\/v2\/types\/post"}],"author":[{"embeddable":true,"href":"https:\/\/eldiariodesanpedro.com.ar\/sitio\/wp-json\/wp\/v2\/users\/4"}],"replies":[{"embeddable":true,"href":"https:\/\/eldiariodesanpedro.com.ar\/sitio\/wp-json\/wp\/v2\/comments?post=102162"}],"version-history":[{"count":1,"href":"https:\/\/eldiariodesanpedro.com.ar\/sitio\/wp-json\/wp\/v2\/posts\/102162\/revisions"}],"predecessor-version":[{"id":102164,"href":"https:\/\/eldiariodesanpedro.com.ar\/sitio\/wp-json\/wp\/v2\/posts\/102162\/revisions\/102164"}],"wp:featuredmedia":[{"embeddable":true,"href":"https:\/\/eldiariodesanpedro.com.ar\/sitio\/wp-json\/wp\/v2\/media\/102163"}],"wp:attachment":[{"href":"https:\/\/eldiariodesanpedro.com.ar\/sitio\/wp-json\/wp\/v2\/media?parent=102162"}],"wp:term":[{"taxonomy":"category","embeddable":true,"href":"https:\/\/eldiariodesanpedro.com.ar\/sitio\/wp-json\/wp\/v2\/categories?post=102162"},{"taxonomy":"post_tag","embeddable":true,"href":"https:\/\/eldiariodesanpedro.com.ar\/sitio\/wp-json\/wp\/v2\/tags?post=102162"}],"curies":[{"name":"wp","href":"https:\/\/api.w.org\/{rel}","templated":true}]}}