{"id":102160,"date":"2021-12-14T10:00:47","date_gmt":"2021-12-14T13:00:47","guid":{"rendered":"https:\/\/eldiariodesanpedro.com.ar\/sitio\/?p=102160"},"modified":"2021-12-14T10:00:49","modified_gmt":"2021-12-14T13:00:49","slug":"curso-de-capacitacion-segura-y-responsable-organizado-por-la-empresa-toyota-2","status":"publish","type":"post","link":"https:\/\/eldiariodesanpedro.com.ar\/sitio\/curso-de-capacitacion-segura-y-responsable-organizado-por-la-empresa-toyota-2\/","title":{"rendered":"Curso de Capacitaci\u00f3n Segura y Responsable organizado por la empresa TOYOTA"},"content":{"rendered":"<!-- VideographyWP Plugin Message: Automatic video embedding prevented by plugin options. -->\n\n<p>Luego del curso de Capacitaci\u00f3n Segura y Responsable realizado para personal de la Direcci\u00f3n de Tr\u00e1nsito y Nocturnidad el d\u00eda viernes, este s\u00e1bado la empresa TOYOTA realiz\u00f3 el curso correspondiente para personal de la comisar\u00eda local.<\/p>\n\n\n\n<p>Durante la jornada de intercambio sobre el manejo seguro y la prevenci\u00f3n de accidentes se realiz\u00f3 un taller te\u00f3rico\/pr\u00e1ctico en donde se abordaron tem\u00e1ticas como las causas de accidentes, la correcta posici\u00f3n de manejo, los nuevos dispositivos de seguridad en veh\u00edculos y su correcto uso, adem\u00e1s de experimentar distintas situaciones de manejo reales con simuladores y a bordo de veh\u00edculos de la marca.<\/p>\n\n\n\n<p>Como es habitual la empresa promueve este tipo de acciones para los diferentes sectores involucrados en la prevenci\u00f3n de accidentes y continuar\u00e1n con la organizaci\u00f3n de encuentros de capacitaci\u00f3n y prevenci\u00f3n.<\/p>\n","protected":false},"excerpt":{"rendered":"<p>Luego del curso de Capacitaci\u00f3n Segura y Responsable realizado para personal de la Direcci\u00f3n de Tr\u00e1nsito y Nocturnidad el d\u00eda viernes, este s\u00e1bado la empresa TOYOTA realiz\u00f3 el curso correspondiente para personal de la comisar\u00eda local. Durante la jornada de intercambio sobre el manejo seguro y la prevenci\u00f3n de accidentes se realiz\u00f3 un taller te\u00f3rico\/pr\u00e1ctico [&hellip;]<\/p>\n","protected":false},"author":4,"featured_media":102158,"comment_status":"closed","ping_status":"closed","sticky":false,"template":"","format":"standard","meta":{"om_disable_all_campaigns":false,"_jetpack_memberships_contains_paid_content":false,"footnotes":""},"categories":[50,101,2],"tags":[],"class_list":["post-102160","post","type-post","status-publish","format-standard","has-post-thumbnail","hentry","category-destacadas","category-interes-general-locales","category-locales"],"aioseo_notices":[],"gutentor_comment":0,"jetpack_featured_media_url":"https:\/\/eldiariodesanpedro.com.ar\/sitio\/wp-content\/uploads\/2021\/12\/medida.jpg","jetpack_shortlink":"https:\/\/wp.me\/p6RhLt-qzK","jetpack_sharing_enabled":true,"_links":{"self":[{"href":"https:\/\/eldiariodesanpedro.com.ar\/sitio\/wp-json\/wp\/v2\/posts\/102160","targetHints":{"allow":["GET"]}}],"collection":[{"href":"https:\/\/eldiariodesanpedro.com.ar\/sitio\/wp-json\/wp\/v2\/posts"}],"about":[{"href":"https:\/\/eldiariodesanpedro.com.ar\/sitio\/wp-json\/wp\/v2\/types\/post"}],"author":[{"embeddable":true,"href":"https:\/\/eldiariodesanpedro.com.ar\/sitio\/wp-json\/wp\/v2\/users\/4"}],"replies":[{"embeddable":true,"href":"https:\/\/eldiariodesanpedro.com.ar\/sitio\/wp-json\/wp\/v2\/comments?post=102160"}],"version-history":[{"count":1,"href":"https:\/\/eldiariodesanpedro.com.ar\/sitio\/wp-json\/wp\/v2\/posts\/102160\/revisions"}],"predecessor-version":[{"id":102161,"href":"https:\/\/eldiariodesanpedro.com.ar\/sitio\/wp-json\/wp\/v2\/posts\/102160\/revisions\/102161"}],"wp:featuredmedia":[{"embeddable":true,"href":"https:\/\/eldiariodesanpedro.com.ar\/sitio\/wp-json\/wp\/v2\/media\/102158"}],"wp:attachment":[{"href":"https:\/\/eldiariodesanpedro.com.ar\/sitio\/wp-json\/wp\/v2\/media?parent=102160"}],"wp:term":[{"taxonomy":"category","embeddable":true,"href":"https:\/\/eldiariodesanpedro.com.ar\/sitio\/wp-json\/wp\/v2\/categories?post=102160"},{"taxonomy":"post_tag","embeddable":true,"href":"https:\/\/eldiariodesanpedro.com.ar\/sitio\/wp-json\/wp\/v2\/tags?post=102160"}],"curies":[{"name":"wp","href":"https:\/\/api.w.org\/{rel}","templated":true}]}}