{"id":102150,"date":"2021-12-13T17:58:02","date_gmt":"2021-12-13T20:58:02","guid":{"rendered":"https:\/\/eldiariodesanpedro.com.ar\/sitio\/?p=102150"},"modified":"2021-12-13T17:58:04","modified_gmt":"2021-12-13T20:58:04","slug":"ramon-ya-tiene-el-equipo","status":"publish","type":"post","link":"https:\/\/eldiariodesanpedro.com.ar\/sitio\/ramon-ya-tiene-el-equipo\/","title":{"rendered":"Ram\u00f3n ya tiene el equipo"},"content":{"rendered":"<!-- VideographyWP Plugin Message: Automatic video embedding prevented by plugin options. -->\n\n<p>Entre los movimientos m\u00e1s salientes sobresalen el de Roberto Borgo como administrador del Hospital, Silvio Jaime en Rentas y Gabriel Gaona en Modernizaci\u00f3n. Mart\u00edn Baraybar ser\u00e1 el Secretario de Desarrollo Econ\u00f3mico.<\/p>\n\n\n\n<p>Si bien no hubo grandes cambios el flamante Intendente Ram\u00f3n Salazar va reacomodando el equipo luego de las salidas de Alfredo Carrasco que se fue al Ministerio de Transporte y Daniel Creus que asumi\u00f3 como concejal.<\/p>\n\n\n\n<p>Para esos dos cargos ya hab\u00edan sido anunciado Mart\u00edn Baraybar y el doctor Pablo Pichioni, pero durante el fin de semana se fueron conociendo el resto de los nombres que integrar\u00e1n el gabinete.<\/p>\n\n\n\n<p>Uno de los m\u00e1s resonantes es el regreso de Roberto Borgo, quien si bien se encontraba trabajando en Obras P\u00fablicas ahora se desempe\u00f1ara como Administrador del Hospital \u00abEmilio Ruffa\u00bb, puesto que ya conoce porque lo ocup\u00f3 durante la gesti\u00f3n de Pablo Guacone como Intendente.<\/p>\n\n\n\n<p>Mientras tanto, Silvio Jaime, quien estaba en ese cargo desde el a\u00f1o 2015, pasar\u00e1 a desempe\u00f1arse como responsable m\u00e1ximo del \u00e1rea de Rentas. Por su parte, Gabriel Gaona, que estaba a cargo de esa cartera, se har\u00e1 cargo de la Direcci\u00f3n de Modenizaci\u00f3n en lugar de Hern\u00e1n Contreras que pas\u00f3 a desempe\u00f1arse como Secretario de Coordinaci\u00f3n.<\/p>\n\n\n\n<p>Por su parte fueron confirmados en sus cargos los Secretarios Walter S\u00e1nchez, Eduardo Roleri, Pablo Vlaeminck, Javier Silva, Ariel \u00c1lvarez, Fabi\u00e1n Rodr\u00edguez y Marcela Cu\u00f1er.<\/p>\n\n\n\n<p>En las Direcciones fueron ratificados en sus cargos Mariano Arnal, Juan Carlos Ag\u00fcero, Javier Sualdea, In\u00e9s Mario, Luis Caram\u00fan, Luciano Arias, Jos\u00e9 Herbas y Am\u00e9rico Quintana.<\/p>\n\n\n\n<p>En las localidades continuar\u00e1n como Delegados Municipales Angel Alvarez y Walter D\u00edaz.<\/p>\n\n\n\n<p>Mientras tanto se est\u00e1 evaluando la continuidad de Laura Monfasani en la Secretar\u00eda de&nbsp;G\u00e9nero, Mujeres y Diversidad, la de Luciano Juhant en Santa Luc\u00eda y Domingo Mayol en Pueblo Doyle.<\/p>\n","protected":false},"excerpt":{"rendered":"<p>Entre los movimientos m\u00e1s salientes sobresalen el de Roberto Borgo como administrador del Hospital, Silvio Jaime en Rentas y Gabriel Gaona en Modernizaci\u00f3n. Mart\u00edn Baraybar ser\u00e1 el Secretario de Desarrollo Econ\u00f3mico. Si bien no hubo grandes cambios el flamante Intendente Ram\u00f3n Salazar va reacomodando el equipo luego de las salidas de Alfredo Carrasco que se [&hellip;]<\/p>\n","protected":false},"author":4,"featured_media":102151,"comment_status":"closed","ping_status":"closed","sticky":false,"template":"","format":"standard","meta":{"om_disable_all_campaigns":false,"_jetpack_memberships_contains_paid_content":false,"footnotes":""},"categories":[50,101,2],"tags":[197,696,33,19],"class_list":["post-102150","post","type-post","status-publish","format-standard","has-post-thumbnail","hentry","category-destacadas","category-interes-general-locales","category-locales","tag-buenos-aires","tag-interes-general","tag-locales","tag-san-pedro"],"aioseo_notices":[],"gutentor_comment":0,"jetpack_featured_media_url":"https:\/\/eldiariodesanpedro.com.ar\/sitio\/wp-content\/uploads\/2021\/12\/0000020553-resized-1920x1080-1.jpg","jetpack_shortlink":"https:\/\/wp.me\/p6RhLt-qzA","jetpack_sharing_enabled":true,"_links":{"self":[{"href":"https:\/\/eldiariodesanpedro.com.ar\/sitio\/wp-json\/wp\/v2\/posts\/102150","targetHints":{"allow":["GET"]}}],"collection":[{"href":"https:\/\/eldiariodesanpedro.com.ar\/sitio\/wp-json\/wp\/v2\/posts"}],"about":[{"href":"https:\/\/eldiariodesanpedro.com.ar\/sitio\/wp-json\/wp\/v2\/types\/post"}],"author":[{"embeddable":true,"href":"https:\/\/eldiariodesanpedro.com.ar\/sitio\/wp-json\/wp\/v2\/users\/4"}],"replies":[{"embeddable":true,"href":"https:\/\/eldiariodesanpedro.com.ar\/sitio\/wp-json\/wp\/v2\/comments?post=102150"}],"version-history":[{"count":1,"href":"https:\/\/eldiariodesanpedro.com.ar\/sitio\/wp-json\/wp\/v2\/posts\/102150\/revisions"}],"predecessor-version":[{"id":102152,"href":"https:\/\/eldiariodesanpedro.com.ar\/sitio\/wp-json\/wp\/v2\/posts\/102150\/revisions\/102152"}],"wp:featuredmedia":[{"embeddable":true,"href":"https:\/\/eldiariodesanpedro.com.ar\/sitio\/wp-json\/wp\/v2\/media\/102151"}],"wp:attachment":[{"href":"https:\/\/eldiariodesanpedro.com.ar\/sitio\/wp-json\/wp\/v2\/media?parent=102150"}],"wp:term":[{"taxonomy":"category","embeddable":true,"href":"https:\/\/eldiariodesanpedro.com.ar\/sitio\/wp-json\/wp\/v2\/categories?post=102150"},{"taxonomy":"post_tag","embeddable":true,"href":"https:\/\/eldiariodesanpedro.com.ar\/sitio\/wp-json\/wp\/v2\/tags?post=102150"}],"curies":[{"name":"wp","href":"https:\/\/api.w.org\/{rel}","templated":true}]}}