{"id":102145,"date":"2021-12-13T17:42:20","date_gmt":"2021-12-13T20:42:20","guid":{"rendered":"https:\/\/eldiariodesanpedro.com.ar\/sitio\/?p=102145"},"modified":"2021-12-13T17:42:22","modified_gmt":"2021-12-13T20:42:22","slug":"el-dr-salazar-reunio-a-su-gabinete-junto-a-la-presidenta-del-hcd","status":"publish","type":"post","link":"https:\/\/eldiariodesanpedro.com.ar\/sitio\/el-dr-salazar-reunio-a-su-gabinete-junto-a-la-presidenta-del-hcd\/","title":{"rendered":"El Dr. Salazar reuni\u00f3 a su gabinete junto a la presidenta del HCD"},"content":{"rendered":"<!-- VideographyWP Plugin Message: Automatic video embedding prevented by plugin options. -->\n\n<p>El Intendente Interno Dr. Ram\u00f3n Salazar convoc\u00f3 esta ma\u00f1ana a una reuni\u00f3n de gabinete con todos los secretarios que forman parte del equipo hasta la fecha, para continuar con la planificaci\u00f3n de acciones en las diferentes \u00e1reas. Del encuentro particip\u00f3 adem\u00e1s, la Presidenta del HCD, M\u00f3nica Otero quien renov\u00f3 su mandato al frente del legislativo local por los pr\u00f3ximos dos a\u00f1os.<\/p>\n\n\n\n<p>El Dr. Ram\u00f3n Salazar comparti\u00f3 con los miembros de su equipo las novedades m\u00e1s recientes y las modificaciones que se ir\u00e1n generando en algunas \u00e1reas de cara a este nuevo per\u00edodo de gesti\u00f3n.<\/p>\n\n\n\n<figure class=\"wp-block-image size-large\"><img decoding=\"async\" width=\"1024\" height=\"499\" data-attachment-id=\"102147\" data-permalink=\"https:\/\/eldiariodesanpedro.com.ar\/sitio\/el-dr-salazar-reunio-a-su-gabinete-junto-a-la-presidenta-del-hcd\/whatsapp-image-2021-12-13-at-17-30-26\/\" data-orig-file=\"https:\/\/eldiariodesanpedro.com.ar\/sitio\/wp-content\/uploads\/2021\/12\/WhatsApp-Image-2021-12-13-at-17.30.26.jpeg\" data-orig-size=\"1200,585\" data-comments-opened=\"0\" data-image-meta=\"{&quot;aperture&quot;:&quot;0&quot;,&quot;credit&quot;:&quot;&quot;,&quot;camera&quot;:&quot;&quot;,&quot;caption&quot;:&quot;&quot;,&quot;created_timestamp&quot;:&quot;0&quot;,&quot;copyright&quot;:&quot;&quot;,&quot;focal_length&quot;:&quot;0&quot;,&quot;iso&quot;:&quot;0&quot;,&quot;shutter_speed&quot;:&quot;0&quot;,&quot;title&quot;:&quot;&quot;,&quot;orientation&quot;:&quot;0&quot;}\" data-image-title=\"WhatsApp Image 2021-12-13 at 17.30.26\" data-image-description=\"\" data-image-caption=\"\" data-large-file=\"https:\/\/eldiariodesanpedro.com.ar\/sitio\/wp-content\/uploads\/2021\/12\/WhatsApp-Image-2021-12-13-at-17.30.26-1024x499.jpeg\" data-src=\"https:\/\/eldiariodesanpedro.com.ar\/sitio\/wp-content\/uploads\/2021\/12\/WhatsApp-Image-2021-12-13-at-17.30.26-1024x499.jpeg\" alt=\"\" class=\"wp-image-102147 lazyload\" data-srcset=\"https:\/\/eldiariodesanpedro.com.ar\/sitio\/wp-content\/uploads\/2021\/12\/WhatsApp-Image-2021-12-13-at-17.30.26-1024x499.jpeg 1024w, https:\/\/eldiariodesanpedro.com.ar\/sitio\/wp-content\/uploads\/2021\/12\/WhatsApp-Image-2021-12-13-at-17.30.26-300x146.jpeg 300w, https:\/\/eldiariodesanpedro.com.ar\/sitio\/wp-content\/uploads\/2021\/12\/WhatsApp-Image-2021-12-13-at-17.30.26-768x374.jpeg 768w, https:\/\/eldiariodesanpedro.com.ar\/sitio\/wp-content\/uploads\/2021\/12\/WhatsApp-Image-2021-12-13-at-17.30.26.jpeg 1200w\" data-sizes=\"(max-width: 1024px) 100vw, 1024px\" src=\"data:image\/svg+xml;base64,PHN2ZyB3aWR0aD0iMSIgaGVpZ2h0PSIxIiB4bWxucz0iaHR0cDovL3d3dy53My5vcmcvMjAwMC9zdmciPjwvc3ZnPg==\" style=\"--smush-placeholder-width: 1024px; --smush-placeholder-aspect-ratio: 1024\/499;\" \/><\/figure>\n\n\n\n<figure class=\"wp-block-image size-large\"><img decoding=\"async\" width=\"1024\" height=\"518\" data-attachment-id=\"102148\" data-permalink=\"https:\/\/eldiariodesanpedro.com.ar\/sitio\/el-dr-salazar-reunio-a-su-gabinete-junto-a-la-presidenta-del-hcd\/whatsapp-image-2021-12-13-at-17-30-34\/\" data-orig-file=\"https:\/\/eldiariodesanpedro.com.ar\/sitio\/wp-content\/uploads\/2021\/12\/WhatsApp-Image-2021-12-13-at-17.30.34.jpeg\" data-orig-size=\"1200,607\" data-comments-opened=\"0\" data-image-meta=\"{&quot;aperture&quot;:&quot;0&quot;,&quot;credit&quot;:&quot;&quot;,&quot;camera&quot;:&quot;&quot;,&quot;caption&quot;:&quot;&quot;,&quot;created_timestamp&quot;:&quot;0&quot;,&quot;copyright&quot;:&quot;&quot;,&quot;focal_length&quot;:&quot;0&quot;,&quot;iso&quot;:&quot;0&quot;,&quot;shutter_speed&quot;:&quot;0&quot;,&quot;title&quot;:&quot;&quot;,&quot;orientation&quot;:&quot;0&quot;}\" data-image-title=\"WhatsApp Image 2021-12-13 at 17.30.34\" data-image-description=\"\" data-image-caption=\"\" data-large-file=\"https:\/\/eldiariodesanpedro.com.ar\/sitio\/wp-content\/uploads\/2021\/12\/WhatsApp-Image-2021-12-13-at-17.30.34-1024x518.jpeg\" data-src=\"https:\/\/eldiariodesanpedro.com.ar\/sitio\/wp-content\/uploads\/2021\/12\/WhatsApp-Image-2021-12-13-at-17.30.34-1024x518.jpeg\" alt=\"\" class=\"wp-image-102148 lazyload\" data-srcset=\"https:\/\/eldiariodesanpedro.com.ar\/sitio\/wp-content\/uploads\/2021\/12\/WhatsApp-Image-2021-12-13-at-17.30.34-1024x518.jpeg 1024w, https:\/\/eldiariodesanpedro.com.ar\/sitio\/wp-content\/uploads\/2021\/12\/WhatsApp-Image-2021-12-13-at-17.30.34-300x152.jpeg 300w, https:\/\/eldiariodesanpedro.com.ar\/sitio\/wp-content\/uploads\/2021\/12\/WhatsApp-Image-2021-12-13-at-17.30.34-768x388.jpeg 768w, https:\/\/eldiariodesanpedro.com.ar\/sitio\/wp-content\/uploads\/2021\/12\/WhatsApp-Image-2021-12-13-at-17.30.34.jpeg 1200w\" data-sizes=\"(max-width: 1024px) 100vw, 1024px\" src=\"data:image\/svg+xml;base64,PHN2ZyB3aWR0aD0iMSIgaGVpZ2h0PSIxIiB4bWxucz0iaHR0cDovL3d3dy53My5vcmcvMjAwMC9zdmciPjwvc3ZnPg==\" style=\"--smush-placeholder-width: 1024px; --smush-placeholder-aspect-ratio: 1024\/518;\" \/><\/figure>\n","protected":false},"excerpt":{"rendered":"<p>El Intendente Interno Dr. Ram\u00f3n Salazar convoc\u00f3 esta ma\u00f1ana a una reuni\u00f3n de gabinete con todos los secretarios que forman parte del equipo hasta la fecha, para continuar con la planificaci\u00f3n de acciones en las diferentes \u00e1reas. Del encuentro particip\u00f3 adem\u00e1s, la Presidenta del HCD, M\u00f3nica Otero quien renov\u00f3 su mandato al frente del legislativo [&hellip;]<\/p>\n","protected":false},"author":4,"featured_media":102146,"comment_status":"closed","ping_status":"closed","sticky":false,"template":"","format":"standard","meta":{"om_disable_all_campaigns":false,"_jetpack_memberships_contains_paid_content":false,"footnotes":""},"categories":[101,2],"tags":[197,696,33,19],"class_list":["post-102145","post","type-post","status-publish","format-standard","has-post-thumbnail","hentry","category-interes-general-locales","category-locales","tag-buenos-aires","tag-interes-general","tag-locales","tag-san-pedro"],"aioseo_notices":[],"gutentor_comment":0,"jetpack_featured_media_url":"https:\/\/eldiariodesanpedro.com.ar\/sitio\/wp-content\/uploads\/2021\/12\/WhatsApp-Image-2021-12-13-at-17.30.25.jpeg","jetpack_shortlink":"https:\/\/wp.me\/p6RhLt-qzv","jetpack_sharing_enabled":true,"_links":{"self":[{"href":"https:\/\/eldiariodesanpedro.com.ar\/sitio\/wp-json\/wp\/v2\/posts\/102145","targetHints":{"allow":["GET"]}}],"collection":[{"href":"https:\/\/eldiariodesanpedro.com.ar\/sitio\/wp-json\/wp\/v2\/posts"}],"about":[{"href":"https:\/\/eldiariodesanpedro.com.ar\/sitio\/wp-json\/wp\/v2\/types\/post"}],"author":[{"embeddable":true,"href":"https:\/\/eldiariodesanpedro.com.ar\/sitio\/wp-json\/wp\/v2\/users\/4"}],"replies":[{"embeddable":true,"href":"https:\/\/eldiariodesanpedro.com.ar\/sitio\/wp-json\/wp\/v2\/comments?post=102145"}],"version-history":[{"count":1,"href":"https:\/\/eldiariodesanpedro.com.ar\/sitio\/wp-json\/wp\/v2\/posts\/102145\/revisions"}],"predecessor-version":[{"id":102149,"href":"https:\/\/eldiariodesanpedro.com.ar\/sitio\/wp-json\/wp\/v2\/posts\/102145\/revisions\/102149"}],"wp:featuredmedia":[{"embeddable":true,"href":"https:\/\/eldiariodesanpedro.com.ar\/sitio\/wp-json\/wp\/v2\/media\/102146"}],"wp:attachment":[{"href":"https:\/\/eldiariodesanpedro.com.ar\/sitio\/wp-json\/wp\/v2\/media?parent=102145"}],"wp:term":[{"taxonomy":"category","embeddable":true,"href":"https:\/\/eldiariodesanpedro.com.ar\/sitio\/wp-json\/wp\/v2\/categories?post=102145"},{"taxonomy":"post_tag","embeddable":true,"href":"https:\/\/eldiariodesanpedro.com.ar\/sitio\/wp-json\/wp\/v2\/tags?post=102145"}],"curies":[{"name":"wp","href":"https:\/\/api.w.org\/{rel}","templated":true}]}}