{"id":10214,"date":"2016-11-14T21:05:43","date_gmt":"2016-11-15T00:05:43","guid":{"rendered":"https:\/\/eldiariodesanpedro.com.ar\/sitio\/?p=10214"},"modified":"2016-11-14T21:05:43","modified_gmt":"2016-11-15T00:05:43","slug":"me-doy-vuelta-y-mi-amigo-estaba-tirado-en-el-piso-todo-sangrado","status":"publish","type":"post","link":"https:\/\/eldiariodesanpedro.com.ar\/sitio\/me-doy-vuelta-y-mi-amigo-estaba-tirado-en-el-piso-todo-sangrado\/","title":{"rendered":"\u00abMe doy vuelta y mi amigo estaba tirado en el piso todo sangrado\u201d"},"content":{"rendered":"<p><!-- VideographyWP Plugin Message: Automatic video embedding prevented by plugin options. --><br \/>\nLucas, uno de los j\u00f3venes que se vio envuelto en la situaci\u00f3n, relat\u00f3 en parte lo que hab\u00eda ocurrido: \u201cEst\u00e1bamos en el boliche y vinieron dos pibes, peleamos, yo salgo afuera, nos sacaron los patovicas, cuando salgo afuera me pongo a pelear, me doy vuelta y mi amigo estaba tirado en el piso todo sangrado\u201d. Y agreg\u00f3: \u201cNo s\u00e9 c\u00f3mo pas\u00f3, no s\u00e9 qui\u00e9n lo hizo\u201d. \u201cAgarr\u00e9 la camioneta, lo traje al Hospital y ahora me dijeron que falleci\u00f3\u201d, concluy\u00f3.<br \/>\nEn cuanto al inicio de la trifulca, se\u00f1al\u00f3: \u201cEst\u00e1bamos nosotros bailando, nos empujaron y as\u00ed comenz\u00f3 la pelea, ni discutimos. Me tiraron una pi\u00f1a, la esquiv\u00e9, le pegu\u00e9 y me sacaron los patovicas afuera\u201d.<br \/>\nConsultado acerca de d\u00f3nde cree que se produjo la agresi\u00f3n que le cost\u00f3 a su amigo, se\u00f1al\u00f3: \u201cYo creo que fue en el interior del boliche, salieron de adentro cortados\u201d.<br \/>\nPor su parte, otro integrante del grupo de amigos sostuvo que \u201cbaldearon afuera del boliche\u201d para ocultar el rastro de sangre. \u201cNosotros lo vimos\u201d, afirm\u00f3.<br \/>\n\u201cEran al menos cinco, pero nosotros no los salimos a correr, nosotros nos preocupamos por nuestro amigo. Lo cargamos en la camioneta\u201d, dijo sobre los agresores.<\/p>\n","protected":false},"excerpt":{"rendered":"<p>Lucas, uno de los j\u00f3venes que se vio envuelto en la situaci\u00f3n, relat\u00f3 en parte lo que hab\u00eda ocurrido: \u201cEst\u00e1bamos en el boliche y vinieron dos pibes, peleamos, yo salgo afuera, nos sacaron los patovicas, cuando salgo afuera me pongo a pelear, me doy vuelta y mi amigo estaba tirado en el piso todo sangrado\u201d. [&hellip;]<\/p>\n","protected":false},"author":4,"featured_media":10215,"comment_status":"open","ping_status":"closed","sticky":false,"template":"","format":"standard","meta":{"om_disable_all_campaigns":false,"_jetpack_memberships_contains_paid_content":false,"footnotes":""},"categories":[2,103],"tags":[],"class_list":["post-10214","post","type-post","status-publish","format-standard","has-post-thumbnail","hentry","category-locales","category-policiales-locales"],"aioseo_notices":[],"gutentor_comment":0,"jetpack_featured_media_url":"https:\/\/eldiariodesanpedro.com.ar\/sitio\/wp-content\/uploads\/2016\/11\/DSC_0161-e1479168324509.jpg","jetpack_shortlink":"https:\/\/wp.me\/p6RhLt-2EK","jetpack_sharing_enabled":true,"_links":{"self":[{"href":"https:\/\/eldiariodesanpedro.com.ar\/sitio\/wp-json\/wp\/v2\/posts\/10214","targetHints":{"allow":["GET"]}}],"collection":[{"href":"https:\/\/eldiariodesanpedro.com.ar\/sitio\/wp-json\/wp\/v2\/posts"}],"about":[{"href":"https:\/\/eldiariodesanpedro.com.ar\/sitio\/wp-json\/wp\/v2\/types\/post"}],"author":[{"embeddable":true,"href":"https:\/\/eldiariodesanpedro.com.ar\/sitio\/wp-json\/wp\/v2\/users\/4"}],"replies":[{"embeddable":true,"href":"https:\/\/eldiariodesanpedro.com.ar\/sitio\/wp-json\/wp\/v2\/comments?post=10214"}],"version-history":[{"count":1,"href":"https:\/\/eldiariodesanpedro.com.ar\/sitio\/wp-json\/wp\/v2\/posts\/10214\/revisions"}],"predecessor-version":[{"id":10216,"href":"https:\/\/eldiariodesanpedro.com.ar\/sitio\/wp-json\/wp\/v2\/posts\/10214\/revisions\/10216"}],"wp:featuredmedia":[{"embeddable":true,"href":"https:\/\/eldiariodesanpedro.com.ar\/sitio\/wp-json\/wp\/v2\/media\/10215"}],"wp:attachment":[{"href":"https:\/\/eldiariodesanpedro.com.ar\/sitio\/wp-json\/wp\/v2\/media?parent=10214"}],"wp:term":[{"taxonomy":"category","embeddable":true,"href":"https:\/\/eldiariodesanpedro.com.ar\/sitio\/wp-json\/wp\/v2\/categories?post=10214"},{"taxonomy":"post_tag","embeddable":true,"href":"https:\/\/eldiariodesanpedro.com.ar\/sitio\/wp-json\/wp\/v2\/tags?post=10214"}],"curies":[{"name":"wp","href":"https:\/\/api.w.org\/{rel}","templated":true}]}}