{"id":102128,"date":"2021-12-13T15:58:35","date_gmt":"2021-12-13T18:58:35","guid":{"rendered":"https:\/\/eldiariodesanpedro.com.ar\/sitio\/?p=102128"},"modified":"2021-12-13T15:58:37","modified_gmt":"2021-12-13T18:58:37","slug":"hallazgo-del-republicano-segunda-resolucion-judicial-a-favor-del-museo-paleontologico","status":"publish","type":"post","link":"https:\/\/eldiariodesanpedro.com.ar\/sitio\/hallazgo-del-republicano-segunda-resolucion-judicial-a-favor-del-museo-paleontologico\/","title":{"rendered":"Hallazgo del Republicano: Segunda resoluci\u00f3n judicial a favor del Museo Paleontol\u00f3gico"},"content":{"rendered":"<!-- VideographyWP Plugin Message: Automatic video embedding prevented by plugin options. -->\n\n<p>El Museo paleontologico envio una carta a los medios de comuncacion donde inforaron la segunda resolucion de la justiciaa  favor del Museo sobre el Republicano. <\/p>\n\n\n\n<p>\u00abEn 2008 creamos, con el Municipio, el Museo de Sitio \u201cBatalla de Obligado\u201d.<\/p>\n\n\n\n<p>\u00abJunto a los vecinos del la localidad reunimos toda la colecci\u00f3n de objetos de los que hoy aprenden y disfrutan Uds., los visitantes.<\/p>\n\n\n\n<p>Por poner en valor nuestro patrimonio\u2026recibimos la&nbsp;<strong>primera denuncia<\/strong>&nbsp;del Instituto Nacional de Antropolog\u00eda, originada en la queja del INVESTIGADOR que \u201cinvestiga\u201d en Obligado.<\/p>\n\n\n\n<p><strong>Dos a\u00f1os despu\u00e9s, la Justicia Federal resolvi\u00f3 a NUESTRO FAVOR, absolvi\u00e9ndonos de todo cargo.<\/strong><\/p>\n\n\n\n<p>En 2015, escaneando con sonido el fondo del Paran\u00e1 para conocer su relieve y sus profundidades, encontramos un barco hundido. Como sampedrinos, quisimos saber de qu\u00e9 se trataba y as\u00ed confirmamos que era el \u201c<strong><em>REPUBLICANO<\/em><\/strong>\u201d. El \u00fanico buque de la Comandancia de Marina (actual Armada Argentina) que combati\u00f3 defendiendo la soberan\u00eda, aquel 20 de noviembre de 1845.<\/p>\n\n\n\n<p>Informamos el hallazgo. Al Municipio, a la Armada, al Centro de Registro Arqueol\u00f3gico y Paleontol\u00f3gico de la Provincia, al Instituto Nacional de Antropolog\u00eda y asentamos el descubrimiento ante ESCRIBANO P\u00daBLICO.<\/p>\n\n\n\n<p>Se present\u00f3 en sociedad en el Sal\u00f3n Dorado Municipal en un acto p\u00fablico junto a autoridades municipales, concejales, escuelas, medios, instituciones y p\u00fablico en general. Se difundi\u00f3 en medios locales, del pa\u00eds y numerosos pa\u00edses del mundo.<\/p>\n\n\n\n<p>A la semana siguiente recibimos la&nbsp;<strong>SEGUNDA DENUNCIA<\/strong>&nbsp;del Instituto Nacional de Antropolog\u00eda, nuevamente por la queja del INVESTIGADOR que \u201cinvestiga\u201d en Obligado.<\/p>\n\n\n\n<p>Fuimos denunciados, Jos\u00e9 Luis Aguilar, Javier Saucedo, Marcelo Duca y Felipe Aguilar.&nbsp;<strong>Durante SEIS A\u00d1OS tuvimos sobre nuestras cabezas una causa judicial en un juzgado federal como si fu\u00e9ramos narcos, corruptos o asesinos.<\/strong><\/p>\n\n\n\n<p>Todos los organismos con los que est\u00e1bamos trabajando el hallazgo nos dejaron solos. S\u00ed\u2026totalmente solos. Como si tuvi\u00e9ramos sarna o lepra. El INVESTIGADOR que \u201cinvestiga\u201d la batalla se encarg\u00f3 de cursar notas informando de la causa a todos los organismos que nos quer\u00edan ayudar.<\/p>\n\n\n\n<p>Como era de esperar\u2026todo se paraliz\u00f3. Y b\u00e1sicamente eso era lo que quer\u00edan. PARALIZAR UNO DE LOS HALLAZGOS NAVALES M\u00c1S RELEVANTES EN LA HISTORIA DE NUESTRO PA\u00cdS.<\/p>\n\n\n\n<p>Pero en el medio, mientras a nosotros se nos ensuciaba con esta segunda denuncia, el gobierno nacional, en agosto de 2017,&nbsp;<strong>meti\u00f3 excavadoras y camiones hormigoneros<\/strong>&nbsp;en el parque de Obligado y excav\u00f3 tremendos pozos para las bases de una antena de comunicaciones. En el n\u00facleo del sitio hist\u00f3rico!!!&nbsp;<strong>EL INVESTIGADOR NO VI\u00d3 NADA<\/strong>.<\/p>\n\n\n\n<p>A pesar de haber denunciado el hallazgo del REPUBLICANO dando las coordenadas y todos los datos de su ubicaci\u00f3n, se sigui\u00f3 (y se sigue en la actualidad) otorgando permiso a las barcazas areneras que chupan con ca\u00f1os de 50 cm de di\u00e1metro justo encima del naufragio.&nbsp;<strong>El REPUBLICANO se est\u00e1 yendo por el ca\u00f1o<\/strong>, literalmente.&nbsp;<strong>EL INVESTIGADOR NO VI\u00d3 NI VE NADA.<\/strong><\/p>\n\n\n\n<p>Tambi\u00e9n se encontr\u00f3 un m\u00e1stil de un naufragio a decenas de kil\u00f3metros de Obligado, que nada tiene que ver con la batalla. Es de un naufragio de 1921. EL&nbsp;<strong>INVESTIGADOR ORDEN\u00d3<\/strong>&nbsp;que se llevara al Museo Agropecuario de Gobernador Castro para que NO LO TUVIERA el Museo Paleontol\u00f3gico de San Pedro.<\/p>\n\n\n\n<p>Y la frutilla del postre\u2026se acuerdan del cabrestante que encontr\u00f3 un pescador en cercan\u00edas de Obligado? Bueno, el&nbsp;<strong>INVESTIGADOR PRIMERO LO TIR\u00d3<\/strong>&nbsp;de nuevo al Paran\u00e1 porque dijo que no le serv\u00eda. No era de la batalla. Pero el r\u00edo lo devolvi\u00f3 y entonces nosotros lo pedimos. Qu\u00e9 pas\u00f3\u2026? El&nbsp;<strong>INVESTIGADOR orden\u00f3<\/strong>&nbsp;al delegado municipal de la localidad (tambi\u00e9n ordena al municipio??) que lo sacara del barro donde estaba tirado y&nbsp;<strong>LO ENTERRARA<\/strong>&nbsp;detr\u00e1s del Museo Batalla de Obligado.<\/p>\n\n\n\n<p>S\u00ed, amigos. Lo enterraron para que NO LO TUVIERA el Museo Paleontol\u00f3gico de San Pedro.<\/p>\n\n\n\n<p>As\u00ed, con todas estas barbaridades en el medio, pasaron SEIS A\u00d1OS de esta segunda causa judicial que nos tuvo muy apesadumbrados viendo c\u00f3mo dos idiotas ABUSAN DE SU T\u00cdTULO y se apropian del patrimonio cultural de una ciudad sin que NADIE les ponga el freno.&nbsp;<strong>NADIE<\/strong>.<\/p>\n\n\n\n<p>Pero la raz\u00f3n y la justicia, aunque a veces tardan en aparecer, llegaron.<\/p>\n\n\n\n<p>El 24 de noviembre pasado, el SE\u00d1OR JUEZ y el SE\u00d1OR FISCAL de la causa firmaron la resoluci\u00f3n donde claramente se expresa:<\/p>\n\n\n\n<p>1-<strong>DECLARAR LA EXTINCI\u00d3N DE LA ACCI\u00d3N PENAL&nbsp;<\/strong>\u2026.respecto de Jos\u00e9 Luis Aguilar, Javier Saucedo, Felipe Aguilar y Marcelo Duca, de sus circunstancias personales obrantes en autos\u2026.\u201d<\/p>\n\n\n\n<p>2-<strong>SOBRESEER DEFINITIVAMENTE<\/strong>&nbsp;a Javier Saucedo\u2026Jos\u00e9 Luis Aguilar\u2026Marcelo Duca y Felipe Aguilar\u2026..\u201d<\/p>\n\n\n\n<p>As\u00ed terminaba nuestra odisea por haber encontrado un barco hundido en la batalla de Obligado. Por haber descubierto al \u201cREPUBLICANO\u201d. Por querer contarlo, ponerlo en valor, informar, educar, dar a conocer nuestra historia. Querer resguardar nuestro patrimonio&#8230;<\/p>\n\n\n\n<p>Es la&nbsp;<strong>SEGUNDA DENUNCIA<\/strong>&nbsp;con la que intentaron paralizarnos como sampedrinos. La segunda vez que intentan frenar al grupo del museo local.<\/p>\n\n\n\n<p><strong>Y LA SEGUNDA VEZ QUE LA JUSTICIA RESUELVE A NUESTRO FAVOR.<\/strong><\/p>\n\n\n\n<p>Cu\u00e1ntas veces m\u00e1s necesit\u00e1s, INVESTIGADOR, para darte cuenta de que est\u00e1s equivocado? De que tenemos intereses diferentes.<\/p>\n\n\n\n<p>Vos quer\u00e9s subsistir estudiando tu batallita todos los a\u00f1os que puedas para seguir lucrando.<\/p>\n\n\n\n<p>Nosotros, simples pero tremendamente RESPONSABLES autodidactas, tratando de salvar nuestro patrimonio cultural de in\u00fatiles y malintencionados personajes como vos.<\/p>\n\n\n\n<p>Lo ideal era hacer cosas en cooperaci\u00f3n, como siempre lo hemos hecho con decenas de profesionales de la paleontolog\u00eda, geolog\u00eda, historia y dem\u00e1s. Y te lo propusimos varias veces. Pero tu baj\u00edsima estatura como investigador no te permite ver m\u00e1s all\u00e1 de tu negocio.<\/p>\n\n\n\n<p>Esto SIEMPRE fue para que San Pedro y Obligado crecieran culturalmente. S\u00d3LO POR ESO. Por suerte,&nbsp;<strong>Y POR SEGUNDA VEZ<\/strong>, la Justicia lo entendi\u00f3 mejor que vos y tu vieja socia del INAPL.<\/p>\n\n\n\n<p>A los sampedrinos nos resta decirles que NO NOS DEJEMOS AVASALLAR por personas que nos llevan lo nuestro, que nos miran por encima del hombro como si fu\u00e9ramos idiotas. El patrimonio es del lugar que lo genera. Y mientras est\u00e9 en jurisdicci\u00f3n de San Pedro, nos corresponde a todos los sampedrinos defenderlo.&nbsp;&nbsp;<\/p>\n\n\n\n<p>Cuidarlo de estos tipos, es nuestro deber como ciudadanos y es parte del legado para nuestros nietos.<\/p>\n\n\n\n<p><strong>VAMOS A PERMITIR QUE NOS SIGAN QUERIENDO ATROPELLAR?<\/strong><\/p>\n\n\n\n<p>NOSOTROS NO\u2026\u00bb<\/p>\n","protected":false},"excerpt":{"rendered":"<p>El Museo paleontologico envio una carta a los medios de comuncacion donde inforaron la segunda resolucion de la justiciaa favor del Museo sobre el Republicano. \u00abEn 2008 creamos, con el Municipio, el Museo de Sitio \u201cBatalla de Obligado\u201d. \u00abJunto a los vecinos del la localidad reunimos toda la colecci\u00f3n de objetos de los que hoy [&hellip;]<\/p>\n","protected":false},"author":4,"featured_media":102129,"comment_status":"closed","ping_status":"closed","sticky":false,"template":"","format":"standard","meta":{"om_disable_all_campaigns":false,"_jetpack_memberships_contains_paid_content":false,"footnotes":""},"categories":[101,2],"tags":[],"class_list":["post-102128","post","type-post","status-publish","format-standard","has-post-thumbnail","hentry","category-interes-general-locales","category-locales"],"aioseo_notices":[],"gutentor_comment":0,"jetpack_featured_media_url":"https:\/\/eldiariodesanpedro.com.ar\/sitio\/wp-content\/uploads\/2021\/12\/REPUBLICANO-DIBUJO.jpg","jetpack_shortlink":"https:\/\/wp.me\/p6RhLt-qze","jetpack_sharing_enabled":true,"_links":{"self":[{"href":"https:\/\/eldiariodesanpedro.com.ar\/sitio\/wp-json\/wp\/v2\/posts\/102128","targetHints":{"allow":["GET"]}}],"collection":[{"href":"https:\/\/eldiariodesanpedro.com.ar\/sitio\/wp-json\/wp\/v2\/posts"}],"about":[{"href":"https:\/\/eldiariodesanpedro.com.ar\/sitio\/wp-json\/wp\/v2\/types\/post"}],"author":[{"embeddable":true,"href":"https:\/\/eldiariodesanpedro.com.ar\/sitio\/wp-json\/wp\/v2\/users\/4"}],"replies":[{"embeddable":true,"href":"https:\/\/eldiariodesanpedro.com.ar\/sitio\/wp-json\/wp\/v2\/comments?post=102128"}],"version-history":[{"count":1,"href":"https:\/\/eldiariodesanpedro.com.ar\/sitio\/wp-json\/wp\/v2\/posts\/102128\/revisions"}],"predecessor-version":[{"id":102130,"href":"https:\/\/eldiariodesanpedro.com.ar\/sitio\/wp-json\/wp\/v2\/posts\/102128\/revisions\/102130"}],"wp:featuredmedia":[{"embeddable":true,"href":"https:\/\/eldiariodesanpedro.com.ar\/sitio\/wp-json\/wp\/v2\/media\/102129"}],"wp:attachment":[{"href":"https:\/\/eldiariodesanpedro.com.ar\/sitio\/wp-json\/wp\/v2\/media?parent=102128"}],"wp:term":[{"taxonomy":"category","embeddable":true,"href":"https:\/\/eldiariodesanpedro.com.ar\/sitio\/wp-json\/wp\/v2\/categories?post=102128"},{"taxonomy":"post_tag","embeddable":true,"href":"https:\/\/eldiariodesanpedro.com.ar\/sitio\/wp-json\/wp\/v2\/tags?post=102128"}],"curies":[{"name":"wp","href":"https:\/\/api.w.org\/{rel}","templated":true}]}}