{"id":102122,"date":"2021-12-10T20:24:38","date_gmt":"2021-12-10T23:24:38","guid":{"rendered":"https:\/\/eldiariodesanpedro.com.ar\/sitio\/?p=102122"},"modified":"2021-12-10T20:24:40","modified_gmt":"2021-12-10T23:24:40","slug":"asamblea-general-ordinaria-del-aero-club-san-pedro","status":"publish","type":"post","link":"https:\/\/eldiariodesanpedro.com.ar\/sitio\/asamblea-general-ordinaria-del-aero-club-san-pedro\/","title":{"rendered":"Asamblea General Ordinaria del Aero Club San Pedro"},"content":{"rendered":"<!-- VideographyWP Plugin Message: Automatic video embedding prevented by plugin options. -->\n\n<p>Estimado Socio:<\/p>\n\n\n\n<p>Cumpli\u00e9ndose con las disposiciones de los art\u00edculos 34 y 35 de los Estatutos, convocase a los Se\u00f1ores Asociados a la Asamblea General Ordinaria, correspondiente al ejercicio N\u00b0 66, que tendr\u00e1 lugar el d\u00eda Lunes 27 de Diciembre de 2021, a las 19:00 Hs. en las instalaciones de nuestra instituci\u00f3n, para tratar el siguiente Orden del D\u00eda:<\/p>\n\n\n\n<p>ORDEN DEL DIA<\/p>\n\n\n\n<p>1) Lectura y consideraci\u00f3n de la Memoria, Balance General, Cuentas de Gastos y Recursos e Informe de la Comisi\u00f3n Revisora de Cuentas, correspondiente al 66 ejercicio social, comprendido entre el 1\u00ba de Noviembre de 2020 y el 31 de Octubre de 2021.<\/p>\n\n\n\n<p>2) Fijaci\u00f3n de cuotas de ingreso y mensuales de socios.<\/p>\n\n\n\n<p>3) Facultar a la Comisi\u00f3n Directiva a comprar, permutar y\/o vender material de propiedad de la Instituci\u00f3n, de acuerdo a lo dispuesto en el art. 24 de los Estatutos.<\/p>\n\n\n\n<p>4) Informe de la Auditoria interna.<\/p>\n\n\n\n<p>5) Designaci\u00f3n de dos asociados para firmar el acta de Asamblea.<\/p>\n\n\n\n<p class=\"has-text-align-right\">San Pedro 11 de Diciembre de 2021<\/p>\n\n\n\n<p>RAMIRO TORRESIN &#8211; Secretario\u00a0<br>EDUARDO GENOVA &#8211; Presidente<\/p>\n","protected":false},"excerpt":{"rendered":"<p>Estimado Socio: Cumpli\u00e9ndose con las disposiciones de los art\u00edculos 34 y 35 de los Estatutos, convocase a los Se\u00f1ores Asociados a la Asamblea General Ordinaria, correspondiente al ejercicio N\u00b0 66, que tendr\u00e1 lugar el d\u00eda Lunes 27 de Diciembre de 2021, a las 19:00 Hs. en las instalaciones de nuestra instituci\u00f3n, para tratar el siguiente [&hellip;]<\/p>\n","protected":false},"author":4,"featured_media":102124,"comment_status":"closed","ping_status":"closed","sticky":false,"template":"","format":"standard","meta":{"om_disable_all_campaigns":false,"_jetpack_memberships_contains_paid_content":false,"footnotes":""},"categories":[678,676],"tags":[2544],"class_list":["post-102122","post","type-post","status-publish","format-standard","has-post-thumbnail","hentry","category-convocatorias","category-edictos","tag-asamblea-general-ordinaria-del-aero-club-san-pedro"],"aioseo_notices":[],"gutentor_comment":0,"jetpack_featured_media_url":"https:\/\/eldiariodesanpedro.com.ar\/sitio\/wp-content\/uploads\/2021\/12\/Aero-Club-Convocatoria-10-12-2021.jpg","jetpack_shortlink":"https:\/\/wp.me\/p6RhLt-qz8","jetpack_sharing_enabled":true,"_links":{"self":[{"href":"https:\/\/eldiariodesanpedro.com.ar\/sitio\/wp-json\/wp\/v2\/posts\/102122","targetHints":{"allow":["GET"]}}],"collection":[{"href":"https:\/\/eldiariodesanpedro.com.ar\/sitio\/wp-json\/wp\/v2\/posts"}],"about":[{"href":"https:\/\/eldiariodesanpedro.com.ar\/sitio\/wp-json\/wp\/v2\/types\/post"}],"author":[{"embeddable":true,"href":"https:\/\/eldiariodesanpedro.com.ar\/sitio\/wp-json\/wp\/v2\/users\/4"}],"replies":[{"embeddable":true,"href":"https:\/\/eldiariodesanpedro.com.ar\/sitio\/wp-json\/wp\/v2\/comments?post=102122"}],"version-history":[{"count":1,"href":"https:\/\/eldiariodesanpedro.com.ar\/sitio\/wp-json\/wp\/v2\/posts\/102122\/revisions"}],"predecessor-version":[{"id":102125,"href":"https:\/\/eldiariodesanpedro.com.ar\/sitio\/wp-json\/wp\/v2\/posts\/102122\/revisions\/102125"}],"wp:featuredmedia":[{"embeddable":true,"href":"https:\/\/eldiariodesanpedro.com.ar\/sitio\/wp-json\/wp\/v2\/media\/102124"}],"wp:attachment":[{"href":"https:\/\/eldiariodesanpedro.com.ar\/sitio\/wp-json\/wp\/v2\/media?parent=102122"}],"wp:term":[{"taxonomy":"category","embeddable":true,"href":"https:\/\/eldiariodesanpedro.com.ar\/sitio\/wp-json\/wp\/v2\/categories?post=102122"},{"taxonomy":"post_tag","embeddable":true,"href":"https:\/\/eldiariodesanpedro.com.ar\/sitio\/wp-json\/wp\/v2\/tags?post=102122"}],"curies":[{"name":"wp","href":"https:\/\/api.w.org\/{rel}","templated":true}]}}