{"id":10212,"date":"2016-11-14T21:03:06","date_gmt":"2016-11-15T00:03:06","guid":{"rendered":"https:\/\/eldiariodesanpedro.com.ar\/sitio\/?p=10212"},"modified":"2016-11-14T21:03:06","modified_gmt":"2016-11-15T00:03:06","slug":"herbas-tuvo-una-perdida-masiva-de-sangre-al-lesionarse-la-vena-cava-y-la-aorta","status":"publish","type":"post","link":"https:\/\/eldiariodesanpedro.com.ar\/sitio\/herbas-tuvo-una-perdida-masiva-de-sangre-al-lesionarse-la-vena-cava-y-la-aorta\/","title":{"rendered":"Herbas: \u00abTuvo una p\u00e9rdida masiva de sangre al lesionarse la vena cava y la aorta\u00bb"},"content":{"rendered":"<p><!-- VideographyWP Plugin Message: Automatic video embedding prevented by plugin options. --><br \/>\nEl Dr. Herbas, encargado de la guardia del Hospital, fue quien estuvo a cargo de la atenci\u00f3n de las 3 v\u00edctimas de la pelea. Seg\u00fan relat\u00f3 a El Diario: \u00abIngresaron a las 4.30 de esta madrugada, los tres con heridas de arma blanca. Uno de ellos presentaba una herida bastante importante en la regi\u00f3n tor\u00e1cica, que habr\u00eda afectado uno de los vasos de la regi\u00f3n, tanto la aorta como la vena cava, que son vasos de importancia. Ingres\u00f3 a quir\u00f3fano y falleci\u00f3 por la p\u00e9rdida masiva de sangre que tuvo. Fue una herida grav\u00edsima y por m\u00e1s que el cirujano intervino e hizo la cirug\u00eda no pudimos salvarle la vida\u00bb.<br \/>\nAdem\u00e1s, Herbas se refiri\u00f3 al estado de salud de los restantes: \u00abAcompa\u00f1ando del sujeto que perdi\u00f3 la vida, ingresaron dos m\u00e1s, uno de ellos hermano del fallecido, tambi\u00e9n con herida de arma blanca en el abdomen, el cual tambi\u00e9n fue internado pero sin necesidad de tratamiento quir\u00fargico y es un paciente que va a quedar internado por lo menos hoy lunes y ma\u00f1ana veremos. El otro sujeto que tambi\u00e9n ingres\u00f3 con una herida en la regi\u00f3n tor\u00e1cica, pero sin penetraci\u00f3n, lo cual tampoco requiri\u00f3 cirug\u00eda. Pero continuar\u00e1 internado en observaci\u00f3n\u00bb.<br \/>\nLe consultamos al doctor sobre la posibilidad de haber salvado al herido si la atenci\u00f3n m\u00e9dica hubiera sido m\u00e1s r\u00e1pida, por lo que respondi\u00f3 lo siguiente: \u00abEl tiempo tiene que ver mucho, pero ya por el hecho de transportarse desde un boliche hasta la guardia del Hospital se pierden muchos minutos, hasta que ingresa a la guardia, se le pone un tubo de respiraci\u00f3n, el suero y mientras el cirujano prepara el quir\u00f3fano. En todo este recorrido se pierden minutos, pero ac\u00e1 y en cualquier otro lugar, y m\u00e1s a\u00fan esto tiene relaci\u00f3n con los grandes vasos: si esto hubiera sido una herida que solo afectaba al pulm\u00f3n o alg\u00fan vaso sangrante pero de un calibre menor\u2026  Pero en este caso fueron la aorta y la cava, que son los que salen y entran. Al lesionarlos se vuelcan en forma masiva, por eso tuvo una importante hemorragia\u00bb.<br \/>\nEn cuanto al elemento usado como arma blanca, seg\u00fan la herida que ten\u00eda el paciente, se tratar\u00eda de una hoja aparentemente larga porque la penetraci\u00f3n fue hasta los grandes vasos, para lo cual es necesario una elemento de tama\u00f1o considerable con una hoja no demasiado ancha y pero s\u00ed larga, ya que el orificio era muy peque\u00f1o.<\/p>\n","protected":false},"excerpt":{"rendered":"<p>El Dr. Herbas, encargado de la guardia del Hospital, fue quien estuvo a cargo de la atenci\u00f3n de las 3 v\u00edctimas de la pelea. Seg\u00fan relat\u00f3 a El Diario: \u00abIngresaron a las 4.30 de esta madrugada, los tres con heridas de arma blanca. Uno de ellos presentaba una herida bastante importante en la regi\u00f3n tor\u00e1cica, [&hellip;]<\/p>\n","protected":false},"author":4,"featured_media":2624,"comment_status":"open","ping_status":"closed","sticky":false,"template":"","format":"standard","meta":{"om_disable_all_campaigns":false,"_jetpack_memberships_contains_paid_content":false,"footnotes":""},"categories":[50,2,103],"tags":[],"class_list":["post-10212","post","type-post","status-publish","format-standard","has-post-thumbnail","hentry","category-destacadas","category-locales","category-policiales-locales"],"aioseo_notices":[],"gutentor_comment":0,"jetpack_featured_media_url":"https:\/\/eldiariodesanpedro.com.ar\/sitio\/wp-content\/uploads\/2016\/04\/guardia.jpg","jetpack_shortlink":"https:\/\/wp.me\/p6RhLt-2EI","jetpack_sharing_enabled":true,"_links":{"self":[{"href":"https:\/\/eldiariodesanpedro.com.ar\/sitio\/wp-json\/wp\/v2\/posts\/10212","targetHints":{"allow":["GET"]}}],"collection":[{"href":"https:\/\/eldiariodesanpedro.com.ar\/sitio\/wp-json\/wp\/v2\/posts"}],"about":[{"href":"https:\/\/eldiariodesanpedro.com.ar\/sitio\/wp-json\/wp\/v2\/types\/post"}],"author":[{"embeddable":true,"href":"https:\/\/eldiariodesanpedro.com.ar\/sitio\/wp-json\/wp\/v2\/users\/4"}],"replies":[{"embeddable":true,"href":"https:\/\/eldiariodesanpedro.com.ar\/sitio\/wp-json\/wp\/v2\/comments?post=10212"}],"version-history":[{"count":1,"href":"https:\/\/eldiariodesanpedro.com.ar\/sitio\/wp-json\/wp\/v2\/posts\/10212\/revisions"}],"predecessor-version":[{"id":10213,"href":"https:\/\/eldiariodesanpedro.com.ar\/sitio\/wp-json\/wp\/v2\/posts\/10212\/revisions\/10213"}],"wp:featuredmedia":[{"embeddable":true,"href":"https:\/\/eldiariodesanpedro.com.ar\/sitio\/wp-json\/wp\/v2\/media\/2624"}],"wp:attachment":[{"href":"https:\/\/eldiariodesanpedro.com.ar\/sitio\/wp-json\/wp\/v2\/media?parent=10212"}],"wp:term":[{"taxonomy":"category","embeddable":true,"href":"https:\/\/eldiariodesanpedro.com.ar\/sitio\/wp-json\/wp\/v2\/categories?post=10212"},{"taxonomy":"post_tag","embeddable":true,"href":"https:\/\/eldiariodesanpedro.com.ar\/sitio\/wp-json\/wp\/v2\/tags?post=10212"}],"curies":[{"name":"wp","href":"https:\/\/api.w.org\/{rel}","templated":true}]}}