{"id":102097,"date":"2021-12-09T15:42:05","date_gmt":"2021-12-09T18:42:05","guid":{"rendered":"https:\/\/eldiariodesanpedro.com.ar\/sitio\/?p=102097"},"modified":"2021-12-09T15:42:07","modified_gmt":"2021-12-09T18:42:07","slug":"solicitud-de-ciudadania-de-liliana-del-carmen-mendoza-de-sarcos","status":"publish","type":"post","link":"https:\/\/eldiariodesanpedro.com.ar\/sitio\/solicitud-de-ciudadania-de-liliana-del-carmen-mendoza-de-sarcos\/","title":{"rendered":"Solicitud de Ciudadania de Liliana Del Carmen Mendoza De Sarcos"},"content":{"rendered":"<!-- VideographyWP Plugin Message: Automatic video embedding prevented by plugin options. -->\n\n<p>El Juzgado Federal No 1 de San Nicol\u00e1s, Prov. de Bs. As., a cargo del Dr. Carlos Alberto Vera Barros, Juez Subrogante, emplaza por 15 d\u00edas a fin de hacer saber que cualquier persona queda facultada, a trav\u00e9s del Ministerio P\u00fablico Fiscal, para hacer llegar las consideraciones que estimare pudiesen obstar la concesi\u00f3n de ciudadan\u00eda argentina solicitada por <strong>Liliana Del Carmen Mendoza De Sarcos<\/strong>, nacida el 13 de Julio de 1971 en Barquisimeto, Provincia de Lara, Venezuela, hija de Carlos Antonio Mendoza y de Francisca de Rojas, casada, Profesora, identificada con DNI No 95.849.249, Pasaporte Venezolano No 106210453 (expirado), domiciliada en calle 24 de Febrero No 1250, de la ciudad de San Pedro (Bs. As.). Expediente No FRO 20009\/2021 caratulado \u201c<strong>Mendoza De Sarcos, Liliana Del Carmen S\/Solicitud De Ciudadania<\/strong>\u201d. Secretar\u00eda No 2.- San Nicol\u00e1s (B)<\/p>\n","protected":false},"excerpt":{"rendered":"<p>El Juzgado Federal No 1 de San Nicol\u00e1s, Prov. de Bs. As., a cargo del Dr. Carlos Alberto Vera Barros, Juez Subrogante, emplaza por 15 d\u00edas a fin de hacer saber que cualquier persona queda facultada, a trav\u00e9s del Ministerio P\u00fablico Fiscal, para hacer llegar las consideraciones que estimare pudiesen obstar la concesi\u00f3n de ciudadan\u00eda [&hellip;]<\/p>\n","protected":false},"author":4,"featured_media":81115,"comment_status":"closed","ping_status":"closed","sticky":false,"template":"","format":"standard","meta":{"om_disable_all_campaigns":false,"_jetpack_memberships_contains_paid_content":false,"footnotes":""},"categories":[676,1124],"tags":[197,1121,696,1355,33,19,2540],"class_list":["post-102097","post","type-post","status-publish","format-standard","has-post-thumbnail","hentry","category-edictos","category-edictos-especiales","tag-buenos-aires","tag-edicto","tag-interes-general","tag-judiciales","tag-locales","tag-san-pedro","tag-solicitud-de-ciudadania-de-liliana-del-carmen-mendoza-de-sarcos"],"aioseo_notices":[],"gutentor_comment":0,"jetpack_featured_media_url":"https:\/\/eldiariodesanpedro.com.ar\/sitio\/wp-content\/uploads\/2020\/09\/Poder-Judicial.jpg","jetpack_shortlink":"https:\/\/wp.me\/p6RhLt-qyJ","jetpack_sharing_enabled":true,"_links":{"self":[{"href":"https:\/\/eldiariodesanpedro.com.ar\/sitio\/wp-json\/wp\/v2\/posts\/102097","targetHints":{"allow":["GET"]}}],"collection":[{"href":"https:\/\/eldiariodesanpedro.com.ar\/sitio\/wp-json\/wp\/v2\/posts"}],"about":[{"href":"https:\/\/eldiariodesanpedro.com.ar\/sitio\/wp-json\/wp\/v2\/types\/post"}],"author":[{"embeddable":true,"href":"https:\/\/eldiariodesanpedro.com.ar\/sitio\/wp-json\/wp\/v2\/users\/4"}],"replies":[{"embeddable":true,"href":"https:\/\/eldiariodesanpedro.com.ar\/sitio\/wp-json\/wp\/v2\/comments?post=102097"}],"version-history":[{"count":1,"href":"https:\/\/eldiariodesanpedro.com.ar\/sitio\/wp-json\/wp\/v2\/posts\/102097\/revisions"}],"predecessor-version":[{"id":102098,"href":"https:\/\/eldiariodesanpedro.com.ar\/sitio\/wp-json\/wp\/v2\/posts\/102097\/revisions\/102098"}],"wp:featuredmedia":[{"embeddable":true,"href":"https:\/\/eldiariodesanpedro.com.ar\/sitio\/wp-json\/wp\/v2\/media\/81115"}],"wp:attachment":[{"href":"https:\/\/eldiariodesanpedro.com.ar\/sitio\/wp-json\/wp\/v2\/media?parent=102097"}],"wp:term":[{"taxonomy":"category","embeddable":true,"href":"https:\/\/eldiariodesanpedro.com.ar\/sitio\/wp-json\/wp\/v2\/categories?post=102097"},{"taxonomy":"post_tag","embeddable":true,"href":"https:\/\/eldiariodesanpedro.com.ar\/sitio\/wp-json\/wp\/v2\/tags?post=102097"}],"curies":[{"name":"wp","href":"https:\/\/api.w.org\/{rel}","templated":true}]}}