{"id":102092,"date":"2021-12-09T12:10:17","date_gmt":"2021-12-09T15:10:17","guid":{"rendered":"https:\/\/eldiariodesanpedro.com.ar\/sitio\/?p=102092"},"modified":"2021-12-09T12:10:19","modified_gmt":"2021-12-09T15:10:19","slug":"reunion-con-comerciantes-de-la-zona-centrica-por-las-peatonales-de-verano","status":"publish","type":"post","link":"https:\/\/eldiariodesanpedro.com.ar\/sitio\/reunion-con-comerciantes-de-la-zona-centrica-por-las-peatonales-de-verano\/","title":{"rendered":"Reuni\u00f3n con comerciantes de la zona c\u00e9ntrica por las Peatonales de Verano"},"content":{"rendered":"<!-- VideographyWP Plugin Message: Automatic video embedding prevented by plugin options. -->\n\n<p>El Presidente de la C\u00e1mara de Turismo del Centro de Comercio Gonzalo Castagnola, la Secretaria de Turismo y Cultura de la Municipalidad y el Director de Tr\u00e1nsito y Nocturnidad Luis Caram\u00fan, compartieron anoche una reuni\u00f3n en el Sal\u00f3n de los Espejos de la entidad para dialogar &nbsp;con comerciantes de la zona c\u00e9ntrica, la planificaci\u00f3n que se lleva adelante de las pr\u00f3ximas peatonales de verano.<\/p>\n\n\n\n<p>El objetivo fue brindar informaci\u00f3n sobre la log\u00edstica necesaria y el an\u00e1lisis que se viene llevando adelante para que en la pr\u00f3xima temporada se puedan combinar actividades en la zona costanera y en el centro de la ciudad, en este caso, involucrando las calles Mitre y Pellegrini.<\/p>\n\n\n\n<p>Desde las \u00e1reas municipales que deben disponer un operativo especial con recursos humanos y econ\u00f3micos para concretar los cortes de calles, instalaci\u00f3n de escenarios y la log\u00edstica que este tipo de actividades demanda, se plantearon las alternativas existentes coincidiendo con el CCIT en la intenci\u00f3n de aunar criterios para que las convocatorias del pr\u00f3ximo verano permitan que se beneficie la mayor cantidad de comerciantes y prestadores tur\u00edsticos posibles.<\/p>\n\n\n\n<p>La ubicaci\u00f3n estrat\u00e9gica del edificio del Centro de Comercio constituye adem\u00e1s un punto de apoyo importante para la coordinaci\u00f3n general cuando estas actividades se realicen en la zona c\u00e9ntrica.<\/p>\n\n\n\n<p>En los pr\u00f3ximos d\u00edas se difundir\u00e1 el cronograma sobre el que se viene trabajando para informar las fechas, intercalando fines de semana en uno y otro sector, \u00a0y la \u00a0modalidad de cortes de calles que se ir\u00e1n programando en las Peatonales de Verano 2021\/2022.<\/p>\n\n\n\n<figure class=\"wp-block-image size-large\"><img decoding=\"async\" width=\"1024\" height=\"576\" data-attachment-id=\"102094\" data-permalink=\"https:\/\/eldiariodesanpedro.com.ar\/sitio\/reunion-con-comerciantes-de-la-zona-centrica-por-las-peatonales-de-verano\/ccitturismo-peatonal-4\/\" data-orig-file=\"https:\/\/eldiariodesanpedro.com.ar\/sitio\/wp-content\/uploads\/2021\/12\/CCITTURISMO-PEATONAL-4.jpeg\" data-orig-size=\"1120,630\" data-comments-opened=\"0\" data-image-meta=\"{&quot;aperture&quot;:&quot;0&quot;,&quot;credit&quot;:&quot;&quot;,&quot;camera&quot;:&quot;&quot;,&quot;caption&quot;:&quot;&quot;,&quot;created_timestamp&quot;:&quot;0&quot;,&quot;copyright&quot;:&quot;&quot;,&quot;focal_length&quot;:&quot;0&quot;,&quot;iso&quot;:&quot;0&quot;,&quot;shutter_speed&quot;:&quot;0&quot;,&quot;title&quot;:&quot;&quot;,&quot;orientation&quot;:&quot;0&quot;}\" data-image-title=\"CCITTURISMO-PEATONAL (4)\" data-image-description=\"\" data-image-caption=\"\" data-large-file=\"https:\/\/eldiariodesanpedro.com.ar\/sitio\/wp-content\/uploads\/2021\/12\/CCITTURISMO-PEATONAL-4-1024x576.jpeg\" data-src=\"https:\/\/eldiariodesanpedro.com.ar\/sitio\/wp-content\/uploads\/2021\/12\/CCITTURISMO-PEATONAL-4-1024x576.jpeg\" alt=\"\" class=\"wp-image-102094 lazyload\" data-srcset=\"https:\/\/eldiariodesanpedro.com.ar\/sitio\/wp-content\/uploads\/2021\/12\/CCITTURISMO-PEATONAL-4-1024x576.jpeg 1024w, https:\/\/eldiariodesanpedro.com.ar\/sitio\/wp-content\/uploads\/2021\/12\/CCITTURISMO-PEATONAL-4-300x169.jpeg 300w, https:\/\/eldiariodesanpedro.com.ar\/sitio\/wp-content\/uploads\/2021\/12\/CCITTURISMO-PEATONAL-4-768x432.jpeg 768w, https:\/\/eldiariodesanpedro.com.ar\/sitio\/wp-content\/uploads\/2021\/12\/CCITTURISMO-PEATONAL-4-800x450.jpeg 800w, https:\/\/eldiariodesanpedro.com.ar\/sitio\/wp-content\/uploads\/2021\/12\/CCITTURISMO-PEATONAL-4.jpeg 1120w\" data-sizes=\"(max-width: 1024px) 100vw, 1024px\" src=\"data:image\/svg+xml;base64,PHN2ZyB3aWR0aD0iMSIgaGVpZ2h0PSIxIiB4bWxucz0iaHR0cDovL3d3dy53My5vcmcvMjAwMC9zdmciPjwvc3ZnPg==\" style=\"--smush-placeholder-width: 1024px; --smush-placeholder-aspect-ratio: 1024\/576;\" \/><\/figure>\n\n\n\n<figure class=\"wp-block-image size-large\"><img decoding=\"async\" width=\"1024\" height=\"576\" data-attachment-id=\"102095\" data-permalink=\"https:\/\/eldiariodesanpedro.com.ar\/sitio\/reunion-con-comerciantes-de-la-zona-centrica-por-las-peatonales-de-verano\/ccitturismo-peatonal-5\/\" data-orig-file=\"https:\/\/eldiariodesanpedro.com.ar\/sitio\/wp-content\/uploads\/2021\/12\/CCITTURISMO-PEATONAL-5.jpeg\" data-orig-size=\"1120,630\" data-comments-opened=\"0\" data-image-meta=\"{&quot;aperture&quot;:&quot;0&quot;,&quot;credit&quot;:&quot;&quot;,&quot;camera&quot;:&quot;&quot;,&quot;caption&quot;:&quot;&quot;,&quot;created_timestamp&quot;:&quot;0&quot;,&quot;copyright&quot;:&quot;&quot;,&quot;focal_length&quot;:&quot;0&quot;,&quot;iso&quot;:&quot;0&quot;,&quot;shutter_speed&quot;:&quot;0&quot;,&quot;title&quot;:&quot;&quot;,&quot;orientation&quot;:&quot;0&quot;}\" data-image-title=\"CCITTURISMO-PEATONAL (5)\" data-image-description=\"\" data-image-caption=\"\" data-large-file=\"https:\/\/eldiariodesanpedro.com.ar\/sitio\/wp-content\/uploads\/2021\/12\/CCITTURISMO-PEATONAL-5-1024x576.jpeg\" data-src=\"https:\/\/eldiariodesanpedro.com.ar\/sitio\/wp-content\/uploads\/2021\/12\/CCITTURISMO-PEATONAL-5-1024x576.jpeg\" alt=\"\" class=\"wp-image-102095 lazyload\" data-srcset=\"https:\/\/eldiariodesanpedro.com.ar\/sitio\/wp-content\/uploads\/2021\/12\/CCITTURISMO-PEATONAL-5-1024x576.jpeg 1024w, https:\/\/eldiariodesanpedro.com.ar\/sitio\/wp-content\/uploads\/2021\/12\/CCITTURISMO-PEATONAL-5-300x169.jpeg 300w, https:\/\/eldiariodesanpedro.com.ar\/sitio\/wp-content\/uploads\/2021\/12\/CCITTURISMO-PEATONAL-5-768x432.jpeg 768w, https:\/\/eldiariodesanpedro.com.ar\/sitio\/wp-content\/uploads\/2021\/12\/CCITTURISMO-PEATONAL-5-800x450.jpeg 800w, https:\/\/eldiariodesanpedro.com.ar\/sitio\/wp-content\/uploads\/2021\/12\/CCITTURISMO-PEATONAL-5.jpeg 1120w\" data-sizes=\"(max-width: 1024px) 100vw, 1024px\" src=\"data:image\/svg+xml;base64,PHN2ZyB3aWR0aD0iMSIgaGVpZ2h0PSIxIiB4bWxucz0iaHR0cDovL3d3dy53My5vcmcvMjAwMC9zdmciPjwvc3ZnPg==\" style=\"--smush-placeholder-width: 1024px; --smush-placeholder-aspect-ratio: 1024\/576;\" \/><\/figure>\n","protected":false},"excerpt":{"rendered":"<p>El Presidente de la C\u00e1mara de Turismo del Centro de Comercio Gonzalo Castagnola, la Secretaria de Turismo y Cultura de la Municipalidad y el Director de Tr\u00e1nsito y Nocturnidad Luis Caram\u00fan, compartieron anoche una reuni\u00f3n en el Sal\u00f3n de los Espejos de la entidad para dialogar &nbsp;con comerciantes de la zona c\u00e9ntrica, la planificaci\u00f3n que [&hellip;]<\/p>\n","protected":false},"author":4,"featured_media":102093,"comment_status":"closed","ping_status":"closed","sticky":false,"template":"","format":"standard","meta":{"om_disable_all_campaigns":false,"_jetpack_memberships_contains_paid_content":false,"footnotes":""},"categories":[50,101,2],"tags":[197,696,33,19],"class_list":["post-102092","post","type-post","status-publish","format-standard","has-post-thumbnail","hentry","category-destacadas","category-interes-general-locales","category-locales","tag-buenos-aires","tag-interes-general","tag-locales","tag-san-pedro"],"aioseo_notices":[],"gutentor_comment":0,"jetpack_featured_media_url":"https:\/\/eldiariodesanpedro.com.ar\/sitio\/wp-content\/uploads\/2021\/12\/CCITTURISMO-PEATONAL-3.jpeg","jetpack_shortlink":"https:\/\/wp.me\/p6RhLt-qyE","jetpack_sharing_enabled":true,"_links":{"self":[{"href":"https:\/\/eldiariodesanpedro.com.ar\/sitio\/wp-json\/wp\/v2\/posts\/102092","targetHints":{"allow":["GET"]}}],"collection":[{"href":"https:\/\/eldiariodesanpedro.com.ar\/sitio\/wp-json\/wp\/v2\/posts"}],"about":[{"href":"https:\/\/eldiariodesanpedro.com.ar\/sitio\/wp-json\/wp\/v2\/types\/post"}],"author":[{"embeddable":true,"href":"https:\/\/eldiariodesanpedro.com.ar\/sitio\/wp-json\/wp\/v2\/users\/4"}],"replies":[{"embeddable":true,"href":"https:\/\/eldiariodesanpedro.com.ar\/sitio\/wp-json\/wp\/v2\/comments?post=102092"}],"version-history":[{"count":1,"href":"https:\/\/eldiariodesanpedro.com.ar\/sitio\/wp-json\/wp\/v2\/posts\/102092\/revisions"}],"predecessor-version":[{"id":102096,"href":"https:\/\/eldiariodesanpedro.com.ar\/sitio\/wp-json\/wp\/v2\/posts\/102092\/revisions\/102096"}],"wp:featuredmedia":[{"embeddable":true,"href":"https:\/\/eldiariodesanpedro.com.ar\/sitio\/wp-json\/wp\/v2\/media\/102093"}],"wp:attachment":[{"href":"https:\/\/eldiariodesanpedro.com.ar\/sitio\/wp-json\/wp\/v2\/media?parent=102092"}],"wp:term":[{"taxonomy":"category","embeddable":true,"href":"https:\/\/eldiariodesanpedro.com.ar\/sitio\/wp-json\/wp\/v2\/categories?post=102092"},{"taxonomy":"post_tag","embeddable":true,"href":"https:\/\/eldiariodesanpedro.com.ar\/sitio\/wp-json\/wp\/v2\/tags?post=102092"}],"curies":[{"name":"wp","href":"https:\/\/api.w.org\/{rel}","templated":true}]}}