{"id":102089,"date":"2021-12-09T10:23:19","date_gmt":"2021-12-09T13:23:19","guid":{"rendered":"https:\/\/eldiariodesanpedro.com.ar\/sitio\/?p=102089"},"modified":"2021-12-09T10:23:20","modified_gmt":"2021-12-09T13:23:20","slug":"reunion-entre-representantes-de-la-direccion-de-transito-de-la-municipalidad-de-san-pedro-el-hcd-y-autoridades-del-centro-de-comercio-industria-y-turismo-para-el-ordenamiento-vehicular","status":"publish","type":"post","link":"https:\/\/eldiariodesanpedro.com.ar\/sitio\/reunion-entre-representantes-de-la-direccion-de-transito-de-la-municipalidad-de-san-pedro-el-hcd-y-autoridades-del-centro-de-comercio-industria-y-turismo-para-el-ordenamiento-vehicular\/","title":{"rendered":"Reuni\u00f3n entre representantes de la Direcci\u00f3n de Tr\u00e1nsito de la Municipalidad de San Pedro, el HCD y autoridades del Centro de Comercio, Industria y Turismo para el ordenamiento vehicular"},"content":{"rendered":"<!-- VideographyWP Plugin Message: Automatic video embedding prevented by plugin options. -->\n\n<p>El director de Tr\u00e1nsito Luis Caram\u00fan particip\u00f3 junto al coordinador del \u00e1rea de tr\u00e1nsito Lucas Arregui, el concejal Juan Cruz Gonz\u00e1lez y la Comisi\u00f3n Directiva del Centro de Comercio, Industria y Turismo encabezada por su Presidente Raul Cheyllada de una reuni\u00f3n en la que se analizaron los alcances de la re implementaci\u00f3n del Estacionamiento Medido estipulado por Ordenanza Municipal, suspendido de manera temporaria a causa de la pandemia.<\/p>\n\n\n\n<p>Entre otros temas, se plante\u00f3 la necesidad de generar reformas en los horarios de carga y descarga de mercader\u00eda para el favorecimiento del sector comercial, la demarcaci\u00f3n de estacionamientos exclusivos y zonas de exclusi\u00f3n.<\/p>\n","protected":false},"excerpt":{"rendered":"<p>El director de Tr\u00e1nsito Luis Caram\u00fan particip\u00f3 junto al coordinador del \u00e1rea de tr\u00e1nsito Lucas Arregui, el concejal Juan Cruz Gonz\u00e1lez y la Comisi\u00f3n Directiva del Centro de Comercio, Industria y Turismo encabezada por su Presidente Raul Cheyllada de una reuni\u00f3n en la que se analizaron los alcances de la re implementaci\u00f3n del Estacionamiento Medido [&hellip;]<\/p>\n","protected":false},"author":4,"featured_media":102090,"comment_status":"closed","ping_status":"closed","sticky":false,"template":"","format":"standard","meta":{"om_disable_all_campaigns":false,"_jetpack_memberships_contains_paid_content":false,"footnotes":""},"categories":[50,101,2],"tags":[],"class_list":["post-102089","post","type-post","status-publish","format-standard","has-post-thumbnail","hentry","category-destacadas","category-interes-general-locales","category-locales"],"aioseo_notices":[],"gutentor_comment":0,"jetpack_featured_media_url":"https:\/\/eldiariodesanpedro.com.ar\/sitio\/wp-content\/uploads\/2021\/12\/WhatsApp-Image-2021-12-08-at-10.39.21.jpeg","jetpack_shortlink":"https:\/\/wp.me\/p6RhLt-qyB","jetpack_sharing_enabled":true,"_links":{"self":[{"href":"https:\/\/eldiariodesanpedro.com.ar\/sitio\/wp-json\/wp\/v2\/posts\/102089","targetHints":{"allow":["GET"]}}],"collection":[{"href":"https:\/\/eldiariodesanpedro.com.ar\/sitio\/wp-json\/wp\/v2\/posts"}],"about":[{"href":"https:\/\/eldiariodesanpedro.com.ar\/sitio\/wp-json\/wp\/v2\/types\/post"}],"author":[{"embeddable":true,"href":"https:\/\/eldiariodesanpedro.com.ar\/sitio\/wp-json\/wp\/v2\/users\/4"}],"replies":[{"embeddable":true,"href":"https:\/\/eldiariodesanpedro.com.ar\/sitio\/wp-json\/wp\/v2\/comments?post=102089"}],"version-history":[{"count":1,"href":"https:\/\/eldiariodesanpedro.com.ar\/sitio\/wp-json\/wp\/v2\/posts\/102089\/revisions"}],"predecessor-version":[{"id":102091,"href":"https:\/\/eldiariodesanpedro.com.ar\/sitio\/wp-json\/wp\/v2\/posts\/102089\/revisions\/102091"}],"wp:featuredmedia":[{"embeddable":true,"href":"https:\/\/eldiariodesanpedro.com.ar\/sitio\/wp-json\/wp\/v2\/media\/102090"}],"wp:attachment":[{"href":"https:\/\/eldiariodesanpedro.com.ar\/sitio\/wp-json\/wp\/v2\/media?parent=102089"}],"wp:term":[{"taxonomy":"category","embeddable":true,"href":"https:\/\/eldiariodesanpedro.com.ar\/sitio\/wp-json\/wp\/v2\/categories?post=102089"},{"taxonomy":"post_tag","embeddable":true,"href":"https:\/\/eldiariodesanpedro.com.ar\/sitio\/wp-json\/wp\/v2\/tags?post=102089"}],"curies":[{"name":"wp","href":"https:\/\/api.w.org\/{rel}","templated":true}]}}