{"id":102083,"date":"2021-12-09T09:49:34","date_gmt":"2021-12-09T12:49:34","guid":{"rendered":"https:\/\/eldiariodesanpedro.com.ar\/sitio\/?p=102083"},"modified":"2021-12-09T09:49:36","modified_gmt":"2021-12-09T12:49:36","slug":"con-cambios-y-ausencias-asumieron-los-nuevos-concejales","status":"publish","type":"post","link":"https:\/\/eldiariodesanpedro.com.ar\/sitio\/con-cambios-y-ausencias-asumieron-los-nuevos-concejales\/","title":{"rendered":"Con cambios y ausencias asumieron los nuevos concejales"},"content":{"rendered":"<!-- VideographyWP Plugin Message: Automatic video embedding prevented by plugin options. -->\n\n<p>El acto se desarroll\u00f3 en el frente de la municipalidad donde juraron los nuevos ediles. La concejal Florencia S\u00e1nchez no estuvo en la reuni\u00f3n y un militante radical agredi\u00f3 verbalmente a la concejal Vanina Cappelletti que finalmente compartir\u00e1 la banca con el concejal Gerardo Pelletier y no con la UCR.<\/p>\n\n\n\n<p>En la noche del d\u00eda martes se produjo la asunci\u00f3n de los nuevos concejales que se ganaron su lugar en las \u00faltimas elecciones del mes de noviembre.<\/p>\n\n\n\n<p>La ceremonia de jura se realiz\u00f3 en la v\u00eda p\u00fablica frente al palacio municipal d\u00f3nde se produjo la salida de quienes cumplieron con su mandato y se le tom\u00f3 juramento a los nuevos ediles.<\/p>\n\n\n\n<p>Juraron para ser parte del cuerpo legislativo por el Juntos los concejales Paola Basso, Lucas Pisani, Hugo Binimelis y Vanina Cappelletti, mientras que por el Frente de Todos juraron Daniel Creus, Candelaria Cuscuela, Rita Leguizam\u00f3n, Mat\u00edas Franco y Rosa Celi\u00e9, ya que asumi\u00f3 ante la licencia solicitada por Pablo Vlaeminck qui\u00e9n sigue desempe\u00f1\u00e1ndose como Secretario de Gobierno.<\/p>\n\n\n\n<p>C\u00f3mo era de esperar la ceremonia tuvo distintas alternativas que tiene que ver con el armado de los bloques, la distribuci\u00f3n de los cargos y posibles cambios que se podr\u00edan dar en el transcurso de la noche.<\/p>\n\n\n\n<p>Sobresali\u00f3 la decisi\u00f3n de la concejal Vanina Cappelletti, que representa al sector de Guillermo Sancho, y decidi\u00f3 ocupar la banca de Juntos &#8211; Pro junto al concejal Gerardo Pelletier qui\u00e9n hace pocas semanas hab\u00eda anunciado que no iba a participar del bloque de Juntos y conform\u00f3 su propio bloque para \u00abmantener la identidad del Pro\u00bb.<\/p>\n\n\n\n<p>Mientras tanto en el Frente de todos la situaci\u00f3n m\u00e1s llamativa la protagoniz\u00f3 la concejal Florencia S\u00e1nchez qui\u00e9n no estuvo presente en la ceremonia de jura de los concejales gan\u00e1ndose la cr\u00edtica de sus pares y tambi\u00e9n del p\u00fablico presente.<\/p>\n\n\n\n<p>S\u00e1nchez desde un principio hizo p\u00fablico su disconformidad con el pase del intendente Salazar al frente de todos y siempre se diferenci\u00f3 apoyando\u00a0Pangarismo.<\/p>\n\n\n\n<p>A qui\u00e9n le toc\u00f3 vivir un momento de angustia fue a la flamante concejal Vanina Cappelletti quien al momento de jurar y cuando era entrevistada por distintos medios de prensa un reconocido y caracterizado militante radical la agredi\u00f3 verbalmente cuestionando la decisi\u00f3n de ocupar la banca del frente Juntos &#8211; Pro y no la de Juntos d\u00f3nde est\u00e1 la gente de la Uni\u00f3n C\u00edvica Radical. La situaci\u00f3n fue advertida y repudiada por varias personas debido a la manera que tuvo este militante de expresarse delante de todos.<img decoding=\"async\" alt=\"\" src=\"https:\/\/www.sanpedroinforma.com.ar\/visitas\/124652\"><\/p>\n\n\n\n<figure class=\"wp-block-image size-large\"><img decoding=\"async\" width=\"1024\" height=\"576\" data-attachment-id=\"102084\" data-permalink=\"https:\/\/eldiariodesanpedro.com.ar\/sitio\/con-cambios-y-ausencias-asumieron-los-nuevos-concejales\/0000020543-resized-1920x1080\/\" data-orig-file=\"https:\/\/eldiariodesanpedro.com.ar\/sitio\/wp-content\/uploads\/2021\/12\/0000020543-resized-1920x1080-1.jpg\" data-orig-size=\"1120,630\" data-comments-opened=\"0\" data-image-meta=\"{&quot;aperture&quot;:&quot;0&quot;,&quot;credit&quot;:&quot;&quot;,&quot;camera&quot;:&quot;&quot;,&quot;caption&quot;:&quot;&quot;,&quot;created_timestamp&quot;:&quot;0&quot;,&quot;copyright&quot;:&quot;&quot;,&quot;focal_length&quot;:&quot;0&quot;,&quot;iso&quot;:&quot;0&quot;,&quot;shutter_speed&quot;:&quot;0&quot;,&quot;title&quot;:&quot;&quot;,&quot;orientation&quot;:&quot;0&quot;}\" data-image-title=\"0000020543-resized-1920&amp;#215;1080\" data-image-description=\"\" data-image-caption=\"\" data-large-file=\"https:\/\/eldiariodesanpedro.com.ar\/sitio\/wp-content\/uploads\/2021\/12\/0000020543-resized-1920x1080-1-1024x576.jpg\" data-src=\"https:\/\/eldiariodesanpedro.com.ar\/sitio\/wp-content\/uploads\/2021\/12\/0000020543-resized-1920x1080-1-1024x576.jpg\" alt=\"\" class=\"wp-image-102084 lazyload\" data-srcset=\"https:\/\/eldiariodesanpedro.com.ar\/sitio\/wp-content\/uploads\/2021\/12\/0000020543-resized-1920x1080-1-1024x576.jpg 1024w, https:\/\/eldiariodesanpedro.com.ar\/sitio\/wp-content\/uploads\/2021\/12\/0000020543-resized-1920x1080-1-300x169.jpg 300w, https:\/\/eldiariodesanpedro.com.ar\/sitio\/wp-content\/uploads\/2021\/12\/0000020543-resized-1920x1080-1-768x432.jpg 768w, https:\/\/eldiariodesanpedro.com.ar\/sitio\/wp-content\/uploads\/2021\/12\/0000020543-resized-1920x1080-1-800x450.jpg 800w, https:\/\/eldiariodesanpedro.com.ar\/sitio\/wp-content\/uploads\/2021\/12\/0000020543-resized-1920x1080-1.jpg 1120w\" data-sizes=\"(max-width: 1024px) 100vw, 1024px\" src=\"data:image\/svg+xml;base64,PHN2ZyB3aWR0aD0iMSIgaGVpZ2h0PSIxIiB4bWxucz0iaHR0cDovL3d3dy53My5vcmcvMjAwMC9zdmciPjwvc3ZnPg==\" style=\"--smush-placeholder-width: 1024px; --smush-placeholder-aspect-ratio: 1024\/576;\" \/><\/figure>\n\n\n\n<figure class=\"wp-block-image size-large\"><img decoding=\"async\" width=\"1024\" height=\"575\" data-attachment-id=\"102085\" data-permalink=\"https:\/\/eldiariodesanpedro.com.ar\/sitio\/con-cambios-y-ausencias-asumieron-los-nuevos-concejales\/descarga-1-20\/\" data-orig-file=\"https:\/\/eldiariodesanpedro.com.ar\/sitio\/wp-content\/uploads\/2021\/12\/descarga-1-1.jpg\" data-orig-size=\"1121,630\" data-comments-opened=\"0\" data-image-meta=\"{&quot;aperture&quot;:&quot;0&quot;,&quot;credit&quot;:&quot;&quot;,&quot;camera&quot;:&quot;&quot;,&quot;caption&quot;:&quot;&quot;,&quot;created_timestamp&quot;:&quot;0&quot;,&quot;copyright&quot;:&quot;&quot;,&quot;focal_length&quot;:&quot;0&quot;,&quot;iso&quot;:&quot;0&quot;,&quot;shutter_speed&quot;:&quot;0&quot;,&quot;title&quot;:&quot;&quot;,&quot;orientation&quot;:&quot;0&quot;}\" data-image-title=\"descarga (1)\" data-image-description=\"\" data-image-caption=\"\" data-large-file=\"https:\/\/eldiariodesanpedro.com.ar\/sitio\/wp-content\/uploads\/2021\/12\/descarga-1-1-1024x575.jpg\" data-src=\"https:\/\/eldiariodesanpedro.com.ar\/sitio\/wp-content\/uploads\/2021\/12\/descarga-1-1-1024x575.jpg\" alt=\"\" class=\"wp-image-102085 lazyload\" data-srcset=\"https:\/\/eldiariodesanpedro.com.ar\/sitio\/wp-content\/uploads\/2021\/12\/descarga-1-1-1024x575.jpg 1024w, https:\/\/eldiariodesanpedro.com.ar\/sitio\/wp-content\/uploads\/2021\/12\/descarga-1-1-300x169.jpg 300w, https:\/\/eldiariodesanpedro.com.ar\/sitio\/wp-content\/uploads\/2021\/12\/descarga-1-1-768x432.jpg 768w, https:\/\/eldiariodesanpedro.com.ar\/sitio\/wp-content\/uploads\/2021\/12\/descarga-1-1-800x450.jpg 800w, https:\/\/eldiariodesanpedro.com.ar\/sitio\/wp-content\/uploads\/2021\/12\/descarga-1-1.jpg 1121w\" data-sizes=\"(max-width: 1024px) 100vw, 1024px\" src=\"data:image\/svg+xml;base64,PHN2ZyB3aWR0aD0iMSIgaGVpZ2h0PSIxIiB4bWxucz0iaHR0cDovL3d3dy53My5vcmcvMjAwMC9zdmciPjwvc3ZnPg==\" style=\"--smush-placeholder-width: 1024px; --smush-placeholder-aspect-ratio: 1024\/575;\" \/><\/figure>\n\n\n\n<figure class=\"wp-block-image size-large\"><img decoding=\"async\" width=\"1024\" height=\"575\" data-attachment-id=\"102086\" data-permalink=\"https:\/\/eldiariodesanpedro.com.ar\/sitio\/con-cambios-y-ausencias-asumieron-los-nuevos-concejales\/descarga-2-6\/\" data-orig-file=\"https:\/\/eldiariodesanpedro.com.ar\/sitio\/wp-content\/uploads\/2021\/12\/descarga-2.jpg\" data-orig-size=\"1121,630\" data-comments-opened=\"0\" data-image-meta=\"{&quot;aperture&quot;:&quot;0&quot;,&quot;credit&quot;:&quot;&quot;,&quot;camera&quot;:&quot;&quot;,&quot;caption&quot;:&quot;&quot;,&quot;created_timestamp&quot;:&quot;0&quot;,&quot;copyright&quot;:&quot;&quot;,&quot;focal_length&quot;:&quot;0&quot;,&quot;iso&quot;:&quot;0&quot;,&quot;shutter_speed&quot;:&quot;0&quot;,&quot;title&quot;:&quot;&quot;,&quot;orientation&quot;:&quot;0&quot;}\" data-image-title=\"descarga (2)\" data-image-description=\"\" data-image-caption=\"\" data-large-file=\"https:\/\/eldiariodesanpedro.com.ar\/sitio\/wp-content\/uploads\/2021\/12\/descarga-2-1024x575.jpg\" data-src=\"https:\/\/eldiariodesanpedro.com.ar\/sitio\/wp-content\/uploads\/2021\/12\/descarga-2-1024x575.jpg\" alt=\"\" class=\"wp-image-102086 lazyload\" data-srcset=\"https:\/\/eldiariodesanpedro.com.ar\/sitio\/wp-content\/uploads\/2021\/12\/descarga-2-1024x575.jpg 1024w, https:\/\/eldiariodesanpedro.com.ar\/sitio\/wp-content\/uploads\/2021\/12\/descarga-2-300x169.jpg 300w, https:\/\/eldiariodesanpedro.com.ar\/sitio\/wp-content\/uploads\/2021\/12\/descarga-2-768x432.jpg 768w, https:\/\/eldiariodesanpedro.com.ar\/sitio\/wp-content\/uploads\/2021\/12\/descarga-2-800x450.jpg 800w, https:\/\/eldiariodesanpedro.com.ar\/sitio\/wp-content\/uploads\/2021\/12\/descarga-2.jpg 1121w\" data-sizes=\"(max-width: 1024px) 100vw, 1024px\" src=\"data:image\/svg+xml;base64,PHN2ZyB3aWR0aD0iMSIgaGVpZ2h0PSIxIiB4bWxucz0iaHR0cDovL3d3dy53My5vcmcvMjAwMC9zdmciPjwvc3ZnPg==\" style=\"--smush-placeholder-width: 1024px; --smush-placeholder-aspect-ratio: 1024\/575;\" \/><\/figure>\n","protected":false},"excerpt":{"rendered":"<p>El acto se desarroll\u00f3 en el frente de la municipalidad donde juraron los nuevos ediles. La concejal Florencia S\u00e1nchez no estuvo en la reuni\u00f3n y un militante radical agredi\u00f3 verbalmente a la concejal Vanina Cappelletti que finalmente compartir\u00e1 la banca con el concejal Gerardo Pelletier y no con la UCR. En la noche del d\u00eda [&hellip;]<\/p>\n","protected":false},"author":4,"featured_media":102087,"comment_status":"closed","ping_status":"closed","sticky":false,"template":"","format":"standard","meta":{"om_disable_all_campaigns":false,"_jetpack_memberships_contains_paid_content":false,"footnotes":""},"categories":[50,101,2],"tags":[197,696,33,19],"class_list":["post-102083","post","type-post","status-publish","format-standard","has-post-thumbnail","hentry","category-destacadas","category-interes-general-locales","category-locales","tag-buenos-aires","tag-interes-general","tag-locales","tag-san-pedro"],"aioseo_notices":[],"gutentor_comment":0,"jetpack_featured_media_url":"https:\/\/eldiariodesanpedro.com.ar\/sitio\/wp-content\/uploads\/2021\/12\/descarga-3.jpg","jetpack_shortlink":"https:\/\/wp.me\/p6RhLt-qyv","jetpack_sharing_enabled":true,"_links":{"self":[{"href":"https:\/\/eldiariodesanpedro.com.ar\/sitio\/wp-json\/wp\/v2\/posts\/102083","targetHints":{"allow":["GET"]}}],"collection":[{"href":"https:\/\/eldiariodesanpedro.com.ar\/sitio\/wp-json\/wp\/v2\/posts"}],"about":[{"href":"https:\/\/eldiariodesanpedro.com.ar\/sitio\/wp-json\/wp\/v2\/types\/post"}],"author":[{"embeddable":true,"href":"https:\/\/eldiariodesanpedro.com.ar\/sitio\/wp-json\/wp\/v2\/users\/4"}],"replies":[{"embeddable":true,"href":"https:\/\/eldiariodesanpedro.com.ar\/sitio\/wp-json\/wp\/v2\/comments?post=102083"}],"version-history":[{"count":1,"href":"https:\/\/eldiariodesanpedro.com.ar\/sitio\/wp-json\/wp\/v2\/posts\/102083\/revisions"}],"predecessor-version":[{"id":102088,"href":"https:\/\/eldiariodesanpedro.com.ar\/sitio\/wp-json\/wp\/v2\/posts\/102083\/revisions\/102088"}],"wp:featuredmedia":[{"embeddable":true,"href":"https:\/\/eldiariodesanpedro.com.ar\/sitio\/wp-json\/wp\/v2\/media\/102087"}],"wp:attachment":[{"href":"https:\/\/eldiariodesanpedro.com.ar\/sitio\/wp-json\/wp\/v2\/media?parent=102083"}],"wp:term":[{"taxonomy":"category","embeddable":true,"href":"https:\/\/eldiariodesanpedro.com.ar\/sitio\/wp-json\/wp\/v2\/categories?post=102083"},{"taxonomy":"post_tag","embeddable":true,"href":"https:\/\/eldiariodesanpedro.com.ar\/sitio\/wp-json\/wp\/v2\/tags?post=102083"}],"curies":[{"name":"wp","href":"https:\/\/api.w.org\/{rel}","templated":true}]}}