{"id":102078,"date":"2021-12-07T22:24:06","date_gmt":"2021-12-08T01:24:06","guid":{"rendered":"https:\/\/eldiariodesanpedro.com.ar\/sitio\/?p=102078"},"modified":"2021-12-07T22:24:08","modified_gmt":"2021-12-08T01:24:08","slug":"asamblea-general-ordinaria-de-la-cooperativa-de-provision-de-agua-potable-y-otros-servicios-publicos-de-rio-tala-ltda","status":"publish","type":"post","link":"https:\/\/eldiariodesanpedro.com.ar\/sitio\/asamblea-general-ordinaria-de-la-cooperativa-de-provision-de-agua-potable-y-otros-servicios-publicos-de-rio-tala-ltda\/","title":{"rendered":"Asamblea General Ordinaria de la Cooperativa de Provisi\u00f3n de Agua Potable y Otros Servicios P\u00fablicos de Rio Tala LTDA"},"content":{"rendered":"<!-- VideographyWP Plugin Message: Automatic video embedding prevented by plugin options. -->\n\n<p class=\"has-text-align-right\">Rio Tala, Provincia de Buenos Aires, 24 de Noviembre del 2021.-<\/p>\n\n\n\n<p class=\"has-text-align-center\"><strong><u>CONVOCATORIA<\/u><\/strong><\/p>\n\n\n\n<p>Convocase a los se\u00f1ores socios de la Cooperativa de Provisi\u00f3n de Agua Potable y Otros Servicios P\u00fablicos de Rio Tala LTDA., a Asamblea General Ordinaria, que se realizara en la sede social de la Cooperativa, el d\u00eda 19 de Diciembre de 2021 a las 07.30 horas en su primera convocatoria, y a las 08.30 horas en su segundo llamado, para tratar el siguiente:<\/p>\n\n\n\n<p class=\"has-text-align-center\"><strong><u>ORDEN DEL DIA<\/u><\/strong><\/p>\n\n\n\n<ol class=\"wp-block-list\" type=\"1\"><li>Elecci\u00f3n de dos asociados para que firmen el acta de asamblea conjuntamente con el presidente y el secretario.-<\/li><li>Consideraci\u00f3n de los motivos por los cuales la Asamblea General Ordinaria se celebra fuera de t\u00e9rmino legal estipulado.-<\/li><li>Consideraci\u00f3n de la Memoria; Estado de Situaci\u00f3n Patrimonial; Estado de Resultados; Cuadros Anexos; Informe del S\u00edndico y de Auditoria por el ejercicio finalizado el 31 de Diciembre del 2018, 2019 y 2020.-<\/li><li>Designaci\u00f3n de la Junta Escrutadora.<\/li><li><strong>Elecci\u00f3n de 9 consejeros titulares y 2 consejeros suplentes para integrar por el t\u00e9rmino de 2 a\u00f1os el Consejo de Administraci\u00f3n, por renovaci\u00f3n de la totalidad de los miembros del consejo de administraci\u00f3n.<\/strong><strong><\/strong><\/li><li><strong>Elecci\u00f3n de 1 sindico titular y 1 sindico suplente para integrar por el t\u00e9rmino de 2 a\u00f1os la Comisi\u00f3n Fiscalizadora, por finalizaci\u00f3n de mandato. <\/strong><strong><\/strong><\/li><\/ol>\n\n\n\n<p><strong>\u00a0\u00a0\u00a0\u00a0\u00a0\u00a0\u00a0\u00a0\u00a0\u00a0\u00a0\u00a0\u00a0\u00a0\u00a0\u00a0 PRINA SANTIAGO\u00a0\u00a0\u00a0\u00a0\u00a0\u00a0\u00a0\u00a0\u00a0\u00a0\u00a0\u00a0\u00a0\u00a0\u00a0\u00a0\u00a0\u00a0\u00a0\u00a0\u00a0\u00a0\u00a0\u00a0\u00a0\u00a0\u00a0\u00a0\u00a0\u00a0\u00a0\u00a0\u00a0\u00a0\u00a0\u00a0\u00a0\u00a0\u00a0\u00a0\u00a0\u00a0\u00a0\u00a0\u00a0\u00a0\u00a0\u00a0\u00a0\u00a0\u00a0\u00a0\u00a0\u00a0\u00a0\u00a0\u00a0\u00a0\u00a0\u00a0\u00a0\u00a0       EDUARDO ZUNINO<br>\u00a0\u00a0\u00a0\u00a0\u00a0\u00a0\u00a0\u00a0\u00a0\u00a0\u00a0\u00a0\u00a0\u00a0\u00a0 \u00a0\u00a0\u00a0\u00a0\u00a0 SECRETARIO\u00a0\u00a0\u00a0\u00a0\u00a0\u00a0\u00a0\u00a0\u00a0\u00a0\u00a0\u00a0\u00a0\u00a0\u00a0\u00a0\u00a0\u00a0\u00a0\u00a0\u00a0\u00a0\u00a0\u00a0\u00a0\u00a0\u00a0\u00a0\u00a0\u00a0\u00a0\u00a0\u00a0\u00a0\u00a0\u00a0\u00a0\u00a0\u00a0\u00a0\u00a0\u00a0\u00a0\u00a0\u00a0\u00a0\u00a0\u00a0\u00a0\u00a0\u00a0\u00a0\u00a0\u00a0\u00a0\u00a0\u00a0\u00a0\u00a0\u00a0\u00a0\u00a0\u00a0\u00a0\u00a0\u00a0\u00a0\u00a0\u00a0\u00a0\u00a0\u00a0\u00a0\u00a0 \u00a0\u00a0\u00a0\u00a0\u00a0\u00a0 PRESIDENTE<\/strong><\/p>\n\n\n\n<p>Nota: las Asambleas se realizaran v\u00e1lidamente sea cual fuere el n\u00famero de asistentes una hora despu\u00e9s de la indicada en la convocatoria, si antes no se hubiera reunido la mitad m\u00e1s uno de los asociados.<\/p>\n","protected":false},"excerpt":{"rendered":"<p>Rio Tala, Provincia de Buenos Aires, 24 de Noviembre del 2021.- CONVOCATORIA Convocase a los se\u00f1ores socios de la Cooperativa de Provisi\u00f3n de Agua Potable y Otros Servicios P\u00fablicos de Rio Tala LTDA., a Asamblea General Ordinaria, que se realizara en la sede social de la Cooperativa, el d\u00eda 19 de Diciembre de 2021 a [&hellip;]<\/p>\n","protected":false},"author":4,"featured_media":102079,"comment_status":"closed","ping_status":"closed","sticky":false,"template":"","format":"standard","meta":{"om_disable_all_campaigns":false,"_jetpack_memberships_contains_paid_content":false,"footnotes":""},"categories":[678,676],"tags":[2539,197,1121,696,1355,33,19],"class_list":["post-102078","post","type-post","status-publish","format-standard","has-post-thumbnail","hentry","category-convocatorias","category-edictos","tag-asamblea-general-ordinaria-de-la-cooperativa-de-provision-de-agua-potable-y-otros-servicios-publicos-de-rio-tala-ltda","tag-buenos-aires","tag-edicto","tag-interes-general","tag-judiciales","tag-locales","tag-san-pedro"],"aioseo_notices":[],"gutentor_comment":0,"jetpack_featured_media_url":"https:\/\/eldiariodesanpedro.com.ar\/sitio\/wp-content\/uploads\/2021\/12\/Cooperativa-de-Provision-de-Agua-Potable-y-Otros-Servicios-Publicos-de-Rio-Tala-LTDA-2021.jpg","jetpack_shortlink":"https:\/\/wp.me\/p6RhLt-qyq","jetpack_sharing_enabled":true,"_links":{"self":[{"href":"https:\/\/eldiariodesanpedro.com.ar\/sitio\/wp-json\/wp\/v2\/posts\/102078","targetHints":{"allow":["GET"]}}],"collection":[{"href":"https:\/\/eldiariodesanpedro.com.ar\/sitio\/wp-json\/wp\/v2\/posts"}],"about":[{"href":"https:\/\/eldiariodesanpedro.com.ar\/sitio\/wp-json\/wp\/v2\/types\/post"}],"author":[{"embeddable":true,"href":"https:\/\/eldiariodesanpedro.com.ar\/sitio\/wp-json\/wp\/v2\/users\/4"}],"replies":[{"embeddable":true,"href":"https:\/\/eldiariodesanpedro.com.ar\/sitio\/wp-json\/wp\/v2\/comments?post=102078"}],"version-history":[{"count":1,"href":"https:\/\/eldiariodesanpedro.com.ar\/sitio\/wp-json\/wp\/v2\/posts\/102078\/revisions"}],"predecessor-version":[{"id":102080,"href":"https:\/\/eldiariodesanpedro.com.ar\/sitio\/wp-json\/wp\/v2\/posts\/102078\/revisions\/102080"}],"wp:featuredmedia":[{"embeddable":true,"href":"https:\/\/eldiariodesanpedro.com.ar\/sitio\/wp-json\/wp\/v2\/media\/102079"}],"wp:attachment":[{"href":"https:\/\/eldiariodesanpedro.com.ar\/sitio\/wp-json\/wp\/v2\/media?parent=102078"}],"wp:term":[{"taxonomy":"category","embeddable":true,"href":"https:\/\/eldiariodesanpedro.com.ar\/sitio\/wp-json\/wp\/v2\/categories?post=102078"},{"taxonomy":"post_tag","embeddable":true,"href":"https:\/\/eldiariodesanpedro.com.ar\/sitio\/wp-json\/wp\/v2\/tags?post=102078"}],"curies":[{"name":"wp","href":"https:\/\/api.w.org\/{rel}","templated":true}]}}