{"id":102040,"date":"2021-12-07T15:18:14","date_gmt":"2021-12-07T18:18:14","guid":{"rendered":"https:\/\/eldiariodesanpedro.com.ar\/sitio\/?p=102040"},"modified":"2021-12-07T15:18:16","modified_gmt":"2021-12-07T18:18:16","slug":"reunion-para-acordar-la-vuelta-del-estacionamiento-medido-a-la-zona-centrica","status":"publish","type":"post","link":"https:\/\/eldiariodesanpedro.com.ar\/sitio\/reunion-para-acordar-la-vuelta-del-estacionamiento-medido-a-la-zona-centrica\/","title":{"rendered":"Reuni\u00f3n para acordar la vuelta del estacionamiento medido a la zona c\u00e9ntrica"},"content":{"rendered":"<!-- VideographyWP Plugin Message: Automatic video embedding prevented by plugin options. -->\n\n<p>La Comisi\u00f3n Directiva del Centro de Comercio, Industria y Turismo\u00a0 recibi\u00f3 al Director de Tr\u00e1nsito y Nocturnidad, Luis Caramun, el concejal Juan Cruz Gonzalez y Lucas Arregui coordinador del \u00e1rea de tr\u00e1nsito de la Municipalidad de San Pedro.<\/p>\n\n\n\n<p>En la misma se analizaron &nbsp;los alcances de la re implementaci\u00f3n del \u00abEstacionamiento Medido\u00bb estipulado por Ordenanza Municipal y que fuera suspendido de manera temporaria por la Pandemia de Covid-19<\/p>\n\n\n\n<p>La participaci\u00f3n de la entidad permiti\u00f3 poner a consideraci\u00f3n de los funcionarios diferentes observaciones con el objetivo de aportar y\/o corregir diversas situaciones para el favorecimiento del sector comercial frente al ordenamiento vehicular, como tambi\u00e9n, en lo inherente al sector de distribuci\u00f3n para carga y descarga de mercader\u00edas.<\/p>\n\n\n\n<p>En los pr\u00f3ximos d\u00edas la entidad convocar\u00e1 a los diferentes sectores comerciales y de distribuci\u00f3n para aunar criterios \u00a0ante la futura puesta en marcha.<\/p>\n\n\n\n<figure class=\"wp-block-image size-full\"><img decoding=\"async\" width=\"842\" height=\"630\" data-attachment-id=\"102041\" data-permalink=\"https:\/\/eldiariodesanpedro.com.ar\/sitio\/reunion-para-acordar-la-vuelta-del-estacionamiento-medido-a-la-zona-centrica\/ccit-transito-1\/\" data-orig-file=\"https:\/\/eldiariodesanpedro.com.ar\/sitio\/wp-content\/uploads\/2021\/12\/ccit-transito-1.jpeg\" data-orig-size=\"842,630\" data-comments-opened=\"0\" data-image-meta=\"{&quot;aperture&quot;:&quot;0&quot;,&quot;credit&quot;:&quot;&quot;,&quot;camera&quot;:&quot;&quot;,&quot;caption&quot;:&quot;&quot;,&quot;created_timestamp&quot;:&quot;0&quot;,&quot;copyright&quot;:&quot;&quot;,&quot;focal_length&quot;:&quot;0&quot;,&quot;iso&quot;:&quot;0&quot;,&quot;shutter_speed&quot;:&quot;0&quot;,&quot;title&quot;:&quot;&quot;,&quot;orientation&quot;:&quot;0&quot;}\" data-image-title=\"ccit-transito (1)\" data-image-description=\"\" data-image-caption=\"\" data-large-file=\"https:\/\/eldiariodesanpedro.com.ar\/sitio\/wp-content\/uploads\/2021\/12\/ccit-transito-1.jpeg\" data-src=\"https:\/\/eldiariodesanpedro.com.ar\/sitio\/wp-content\/uploads\/2021\/12\/ccit-transito-1.jpeg\" alt=\"\" class=\"wp-image-102041 lazyload\" data-srcset=\"https:\/\/eldiariodesanpedro.com.ar\/sitio\/wp-content\/uploads\/2021\/12\/ccit-transito-1.jpeg 842w, https:\/\/eldiariodesanpedro.com.ar\/sitio\/wp-content\/uploads\/2021\/12\/ccit-transito-1-300x224.jpeg 300w, https:\/\/eldiariodesanpedro.com.ar\/sitio\/wp-content\/uploads\/2021\/12\/ccit-transito-1-768x575.jpeg 768w, https:\/\/eldiariodesanpedro.com.ar\/sitio\/wp-content\/uploads\/2021\/12\/ccit-transito-1-500x375.jpeg 500w\" data-sizes=\"(max-width: 842px) 100vw, 842px\" src=\"data:image\/svg+xml;base64,PHN2ZyB3aWR0aD0iMSIgaGVpZ2h0PSIxIiB4bWxucz0iaHR0cDovL3d3dy53My5vcmcvMjAwMC9zdmciPjwvc3ZnPg==\" style=\"--smush-placeholder-width: 842px; --smush-placeholder-aspect-ratio: 842\/630;\" \/><\/figure>\n","protected":false},"excerpt":{"rendered":"<p>La Comisi\u00f3n Directiva del Centro de Comercio, Industria y Turismo\u00a0 recibi\u00f3 al Director de Tr\u00e1nsito y Nocturnidad, Luis Caramun, el concejal Juan Cruz Gonzalez y Lucas Arregui coordinador del \u00e1rea de tr\u00e1nsito de la Municipalidad de San Pedro. En la misma se analizaron &nbsp;los alcances de la re implementaci\u00f3n del \u00abEstacionamiento Medido\u00bb estipulado por Ordenanza [&hellip;]<\/p>\n","protected":false},"author":4,"featured_media":102042,"comment_status":"closed","ping_status":"closed","sticky":false,"template":"","format":"standard","meta":{"om_disable_all_campaigns":false,"_jetpack_memberships_contains_paid_content":false,"footnotes":""},"categories":[101,2],"tags":[],"class_list":["post-102040","post","type-post","status-publish","format-standard","has-post-thumbnail","hentry","category-interes-general-locales","category-locales"],"aioseo_notices":[],"gutentor_comment":0,"jetpack_featured_media_url":"https:\/\/eldiariodesanpedro.com.ar\/sitio\/wp-content\/uploads\/2021\/12\/ccit-transito-2.jpeg","jetpack_shortlink":"https:\/\/wp.me\/p6RhLt-qxO","jetpack_sharing_enabled":true,"_links":{"self":[{"href":"https:\/\/eldiariodesanpedro.com.ar\/sitio\/wp-json\/wp\/v2\/posts\/102040","targetHints":{"allow":["GET"]}}],"collection":[{"href":"https:\/\/eldiariodesanpedro.com.ar\/sitio\/wp-json\/wp\/v2\/posts"}],"about":[{"href":"https:\/\/eldiariodesanpedro.com.ar\/sitio\/wp-json\/wp\/v2\/types\/post"}],"author":[{"embeddable":true,"href":"https:\/\/eldiariodesanpedro.com.ar\/sitio\/wp-json\/wp\/v2\/users\/4"}],"replies":[{"embeddable":true,"href":"https:\/\/eldiariodesanpedro.com.ar\/sitio\/wp-json\/wp\/v2\/comments?post=102040"}],"version-history":[{"count":1,"href":"https:\/\/eldiariodesanpedro.com.ar\/sitio\/wp-json\/wp\/v2\/posts\/102040\/revisions"}],"predecessor-version":[{"id":102043,"href":"https:\/\/eldiariodesanpedro.com.ar\/sitio\/wp-json\/wp\/v2\/posts\/102040\/revisions\/102043"}],"wp:featuredmedia":[{"embeddable":true,"href":"https:\/\/eldiariodesanpedro.com.ar\/sitio\/wp-json\/wp\/v2\/media\/102042"}],"wp:attachment":[{"href":"https:\/\/eldiariodesanpedro.com.ar\/sitio\/wp-json\/wp\/v2\/media?parent=102040"}],"wp:term":[{"taxonomy":"category","embeddable":true,"href":"https:\/\/eldiariodesanpedro.com.ar\/sitio\/wp-json\/wp\/v2\/categories?post=102040"},{"taxonomy":"post_tag","embeddable":true,"href":"https:\/\/eldiariodesanpedro.com.ar\/sitio\/wp-json\/wp\/v2\/tags?post=102040"}],"curies":[{"name":"wp","href":"https:\/\/api.w.org\/{rel}","templated":true}]}}