{"id":102038,"date":"2021-12-07T15:13:20","date_gmt":"2021-12-07T18:13:20","guid":{"rendered":"https:\/\/eldiariodesanpedro.com.ar\/sitio\/?p=102038"},"modified":"2021-12-07T15:13:22","modified_gmt":"2021-12-07T18:13:22","slug":"corte-total-de-energia-en-la-localidad-rio-tala-por-tareas-de-mantenimiento-durante-casi-4-horas","status":"publish","type":"post","link":"https:\/\/eldiariodesanpedro.com.ar\/sitio\/corte-total-de-energia-en-la-localidad-rio-tala-por-tareas-de-mantenimiento-durante-casi-4-horas\/","title":{"rendered":"Corte total de energia en la localidad R\u00edo Tala por tareas de mantenimiento durante casi 4 horas"},"content":{"rendered":"<!-- VideographyWP Plugin Message: Automatic video embedding prevented by plugin options. -->\n\n<p>COOPSER informa que este jueves 9 de diciembre se concretar\u00e1 un corte total de energ\u00eda en la localidad de R\u00edo Tala para cumplir con tareas de mantenimiento programadas. El mismo se extender\u00e1 de 6:30 a 10:00 hs.<\/p>\n\n\n\n<p><strong>En caso de mal tiempo ser\u00e1 reprogramado<\/strong><\/p>\n","protected":false},"excerpt":{"rendered":"<p>COOPSER informa que este jueves 9 de diciembre se concretar\u00e1 un corte total de energ\u00eda en la localidad de R\u00edo Tala para cumplir con tareas de mantenimiento programadas. El mismo se extender\u00e1 de 6:30 a 10:00 hs. En caso de mal tiempo ser\u00e1 reprogramado<\/p>\n","protected":false},"author":4,"featured_media":79058,"comment_status":"closed","ping_status":"closed","sticky":false,"template":"","format":"standard","meta":{"om_disable_all_campaigns":false,"_jetpack_memberships_contains_paid_content":false,"footnotes":""},"categories":[101,2],"tags":[],"class_list":["post-102038","post","type-post","status-publish","format-standard","has-post-thumbnail","hentry","category-interes-general-locales","category-locales"],"aioseo_notices":[],"gutentor_comment":0,"jetpack_featured_media_url":"https:\/\/eldiariodesanpedro.com.ar\/sitio\/wp-content\/uploads\/2020\/08\/archivo-coopser.jpeg","jetpack_shortlink":"https:\/\/wp.me\/p6RhLt-qxM","jetpack_sharing_enabled":true,"_links":{"self":[{"href":"https:\/\/eldiariodesanpedro.com.ar\/sitio\/wp-json\/wp\/v2\/posts\/102038","targetHints":{"allow":["GET"]}}],"collection":[{"href":"https:\/\/eldiariodesanpedro.com.ar\/sitio\/wp-json\/wp\/v2\/posts"}],"about":[{"href":"https:\/\/eldiariodesanpedro.com.ar\/sitio\/wp-json\/wp\/v2\/types\/post"}],"author":[{"embeddable":true,"href":"https:\/\/eldiariodesanpedro.com.ar\/sitio\/wp-json\/wp\/v2\/users\/4"}],"replies":[{"embeddable":true,"href":"https:\/\/eldiariodesanpedro.com.ar\/sitio\/wp-json\/wp\/v2\/comments?post=102038"}],"version-history":[{"count":1,"href":"https:\/\/eldiariodesanpedro.com.ar\/sitio\/wp-json\/wp\/v2\/posts\/102038\/revisions"}],"predecessor-version":[{"id":102039,"href":"https:\/\/eldiariodesanpedro.com.ar\/sitio\/wp-json\/wp\/v2\/posts\/102038\/revisions\/102039"}],"wp:featuredmedia":[{"embeddable":true,"href":"https:\/\/eldiariodesanpedro.com.ar\/sitio\/wp-json\/wp\/v2\/media\/79058"}],"wp:attachment":[{"href":"https:\/\/eldiariodesanpedro.com.ar\/sitio\/wp-json\/wp\/v2\/media?parent=102038"}],"wp:term":[{"taxonomy":"category","embeddable":true,"href":"https:\/\/eldiariodesanpedro.com.ar\/sitio\/wp-json\/wp\/v2\/categories?post=102038"},{"taxonomy":"post_tag","embeddable":true,"href":"https:\/\/eldiariodesanpedro.com.ar\/sitio\/wp-json\/wp\/v2\/tags?post=102038"}],"curies":[{"name":"wp","href":"https:\/\/api.w.org\/{rel}","templated":true}]}}