{"id":102035,"date":"2021-12-07T15:09:39","date_gmt":"2021-12-07T18:09:39","guid":{"rendered":"https:\/\/eldiariodesanpedro.com.ar\/sitio\/?p=102035"},"modified":"2021-12-07T15:09:45","modified_gmt":"2021-12-07T18:09:45","slug":"un-vecino-mato-de-un-disparo-a-un-perrito-solo-por-que-le-hacia-sonar-la-alarma-del-automovil","status":"publish","type":"post","link":"https:\/\/eldiariodesanpedro.com.ar\/sitio\/un-vecino-mato-de-un-disparo-a-un-perrito-solo-por-que-le-hacia-sonar-la-alarma-del-automovil\/","title":{"rendered":"Un vecino mat\u00f3 de un disparo a un perrito solo por que le hac\u00eda sonar la alarma del autom\u00f3vil"},"content":{"rendered":"<!-- VideographyWP Plugin Message: Automatic video embedding prevented by plugin options. -->\n\n<p>El hecho ocurri\u00f3 esta tarde pasado el mediod\u00eda en calle Ayacucho al 1300 donde seg\u00fan explicaron los vecinos del barrio, un hombre mayor de edad le dispar\u00f3 a un peque\u00f1o perro tipo caniche.<\/p>\n\n\n\n<p>Seg\u00fan explicaron los vecinos del barrio Malvinas una persona de la zona que vive a pocos metros del lugar se acerc\u00f3 y le dispar\u00f3 al perro solo por que le hac\u00eda sonar la alarma de su veh\u00edculo cuando el perro buscaba refugio del sol bajo el rodado.<\/p>\n\n\n\n<p>Los vecinos del barrio se encontraban indignados con la situaci\u00f3n.<\/p>\n","protected":false},"excerpt":{"rendered":"<p>El hecho ocurri\u00f3 esta tarde pasado el mediod\u00eda en calle Ayacucho al 1300 donde seg\u00fan explicaron los vecinos del barrio, un hombre mayor de edad le dispar\u00f3 a un peque\u00f1o perro tipo caniche. Seg\u00fan explicaron los vecinos del barrio Malvinas una persona de la zona que vive a pocos metros del lugar se acerc\u00f3 y [&hellip;]<\/p>\n","protected":false},"author":4,"featured_media":102036,"comment_status":"closed","ping_status":"closed","sticky":false,"template":"","format":"standard","meta":{"om_disable_all_campaigns":false,"_jetpack_memberships_contains_paid_content":false,"footnotes":""},"categories":[50,2,103],"tags":[],"class_list":["post-102035","post","type-post","status-publish","format-standard","has-post-thumbnail","hentry","category-destacadas","category-locales","category-policiales-locales"],"aioseo_notices":[],"gutentor_comment":0,"jetpack_featured_media_url":"https:\/\/eldiariodesanpedro.com.ar\/sitio\/wp-content\/uploads\/2021\/12\/Sin-titulo-1-1.jpg","jetpack_shortlink":"https:\/\/wp.me\/p6RhLt-qxJ","jetpack_sharing_enabled":true,"_links":{"self":[{"href":"https:\/\/eldiariodesanpedro.com.ar\/sitio\/wp-json\/wp\/v2\/posts\/102035","targetHints":{"allow":["GET"]}}],"collection":[{"href":"https:\/\/eldiariodesanpedro.com.ar\/sitio\/wp-json\/wp\/v2\/posts"}],"about":[{"href":"https:\/\/eldiariodesanpedro.com.ar\/sitio\/wp-json\/wp\/v2\/types\/post"}],"author":[{"embeddable":true,"href":"https:\/\/eldiariodesanpedro.com.ar\/sitio\/wp-json\/wp\/v2\/users\/4"}],"replies":[{"embeddable":true,"href":"https:\/\/eldiariodesanpedro.com.ar\/sitio\/wp-json\/wp\/v2\/comments?post=102035"}],"version-history":[{"count":1,"href":"https:\/\/eldiariodesanpedro.com.ar\/sitio\/wp-json\/wp\/v2\/posts\/102035\/revisions"}],"predecessor-version":[{"id":102037,"href":"https:\/\/eldiariodesanpedro.com.ar\/sitio\/wp-json\/wp\/v2\/posts\/102035\/revisions\/102037"}],"wp:featuredmedia":[{"embeddable":true,"href":"https:\/\/eldiariodesanpedro.com.ar\/sitio\/wp-json\/wp\/v2\/media\/102036"}],"wp:attachment":[{"href":"https:\/\/eldiariodesanpedro.com.ar\/sitio\/wp-json\/wp\/v2\/media?parent=102035"}],"wp:term":[{"taxonomy":"category","embeddable":true,"href":"https:\/\/eldiariodesanpedro.com.ar\/sitio\/wp-json\/wp\/v2\/categories?post=102035"},{"taxonomy":"post_tag","embeddable":true,"href":"https:\/\/eldiariodesanpedro.com.ar\/sitio\/wp-json\/wp\/v2\/tags?post=102035"}],"curies":[{"name":"wp","href":"https:\/\/api.w.org\/{rel}","templated":true}]}}