{"id":102015,"date":"2021-12-07T11:08:58","date_gmt":"2021-12-07T14:08:58","guid":{"rendered":"https:\/\/eldiariodesanpedro.com.ar\/sitio\/?p=102015"},"modified":"2021-12-07T11:08:59","modified_gmt":"2021-12-07T14:08:59","slug":"conformada-la-comision-de-fomento-en-fonavi-i","status":"publish","type":"post","link":"https:\/\/eldiariodesanpedro.com.ar\/sitio\/conformada-la-comision-de-fomento-en-fonavi-i\/","title":{"rendered":"Conformada la Comisi\u00f3n de Fomento en Fonavi I"},"content":{"rendered":"<!-- VideographyWP Plugin Message: Automatic video embedding prevented by plugin options. -->\n\n<p>Este s\u00e1bado fue conformada la Comisi\u00f3n de Fomento del barrio Fonavi I luego de mantener una serie de encuentros preliminares para cumplir con los aspectos formales de constituci\u00f3n de la nueva comisi\u00f3n, escuchar sus inquietudes y canalizar algunas de sus necesidades, a trav\u00e9s de la Direcci\u00f3n que encabeza In\u00e9s Mario.<\/p>\n\n\n\n<p>La comisi\u00f3n qued\u00f3 formada de la siguiente manera:<\/p>\n\n\n\n<p>Presidente: Figueroa, Cristian Daniel<br>Vicepresidente: S\u00e1nchez Gin\u00e9s<br>Secretario: Ju\u00e1rez Emanuel<br>Prosecretario: Elgoyhen Mar\u00eda Victoria<br>Tesorera: Cast\u00f3n Estela<br>Protesorero: Valeria Mabel<br>Vocal Titular: Corbal\u00e1n Ricardo David<br>Vocal Titular: Pomodoro H\u00e9ctor<br>Vocal Titular: Mart\u00ednez Oscar<br>Vocal Titular: Gonz\u00e1lez Susana Elena<br>Vocal Suplente: Padilla Elba<br>Vocal Suplente: Sol\u00eds Eduardo<br>Vocal Suplente: Mendoza Sergio<br>Revisor de Cuenta Titular: De la Fuente Ger\u00f3nimo<br>Revisor de Cuenta Suplente: Colombo \u00c1ngel<\/p>\n\n\n\n<p>Adem\u00e1s, contin\u00faan las reuniones en los diferentes barrios de la ciudad, planificando tambi\u00e9n la continuidad del trabajo en las localidades con el objetivo de dinamizar las comisiones que ya vienen funcionando y crear o reactivar las comisiones que por diferentes razones no se vienen reuniendo.<\/p>\n\n\n\n<p>La pr\u00f3xima actividad est\u00e1 prevista el pr\u00f3ximo jueves 9 de diciembre a las 19.30 hs. en la biblioteca de la localidad de R\u00edo Tala.<\/p>\n\n\n\n<figure class=\"wp-block-image size-full\"><img decoding=\"async\" width=\"840\" height=\"630\" data-attachment-id=\"102017\" data-permalink=\"https:\/\/eldiariodesanpedro.com.ar\/sitio\/conformada-la-comision-de-fomento-en-fonavi-i\/whatsapp-image-2021-12-07-at-10-29-48\/\" data-orig-file=\"https:\/\/eldiariodesanpedro.com.ar\/sitio\/wp-content\/uploads\/2021\/12\/WhatsApp-Image-2021-12-07-at-10.29.48.jpeg\" data-orig-size=\"840,630\" data-comments-opened=\"0\" data-image-meta=\"{&quot;aperture&quot;:&quot;0&quot;,&quot;credit&quot;:&quot;&quot;,&quot;camera&quot;:&quot;&quot;,&quot;caption&quot;:&quot;&quot;,&quot;created_timestamp&quot;:&quot;0&quot;,&quot;copyright&quot;:&quot;&quot;,&quot;focal_length&quot;:&quot;0&quot;,&quot;iso&quot;:&quot;0&quot;,&quot;shutter_speed&quot;:&quot;0&quot;,&quot;title&quot;:&quot;&quot;,&quot;orientation&quot;:&quot;0&quot;}\" data-image-title=\"WhatsApp Image 2021-12-07 at 10.29.48\" data-image-description=\"\" data-image-caption=\"\" data-large-file=\"https:\/\/eldiariodesanpedro.com.ar\/sitio\/wp-content\/uploads\/2021\/12\/WhatsApp-Image-2021-12-07-at-10.29.48.jpeg\" data-src=\"https:\/\/eldiariodesanpedro.com.ar\/sitio\/wp-content\/uploads\/2021\/12\/WhatsApp-Image-2021-12-07-at-10.29.48.jpeg\" alt=\"\" class=\"wp-image-102017 lazyload\" data-srcset=\"https:\/\/eldiariodesanpedro.com.ar\/sitio\/wp-content\/uploads\/2021\/12\/WhatsApp-Image-2021-12-07-at-10.29.48.jpeg 840w, https:\/\/eldiariodesanpedro.com.ar\/sitio\/wp-content\/uploads\/2021\/12\/WhatsApp-Image-2021-12-07-at-10.29.48-300x225.jpeg 300w, https:\/\/eldiariodesanpedro.com.ar\/sitio\/wp-content\/uploads\/2021\/12\/WhatsApp-Image-2021-12-07-at-10.29.48-768x576.jpeg 768w, https:\/\/eldiariodesanpedro.com.ar\/sitio\/wp-content\/uploads\/2021\/12\/WhatsApp-Image-2021-12-07-at-10.29.48-500x375.jpeg 500w\" data-sizes=\"(max-width: 840px) 100vw, 840px\" src=\"data:image\/svg+xml;base64,PHN2ZyB3aWR0aD0iMSIgaGVpZ2h0PSIxIiB4bWxucz0iaHR0cDovL3d3dy53My5vcmcvMjAwMC9zdmciPjwvc3ZnPg==\" style=\"--smush-placeholder-width: 840px; --smush-placeholder-aspect-ratio: 840\/630;\" \/><\/figure>\n","protected":false},"excerpt":{"rendered":"<p>Este s\u00e1bado fue conformada la Comisi\u00f3n de Fomento del barrio Fonavi I luego de mantener una serie de encuentros preliminares para cumplir con los aspectos formales de constituci\u00f3n de la nueva comisi\u00f3n, escuchar sus inquietudes y canalizar algunas de sus necesidades, a trav\u00e9s de la Direcci\u00f3n que encabeza In\u00e9s Mario. La comisi\u00f3n qued\u00f3 formada de [&hellip;]<\/p>\n","protected":false},"author":4,"featured_media":102016,"comment_status":"closed","ping_status":"closed","sticky":false,"template":"","format":"standard","meta":{"om_disable_all_campaigns":false,"_jetpack_memberships_contains_paid_content":false,"footnotes":""},"categories":[101,2],"tags":[],"class_list":["post-102015","post","type-post","status-publish","format-standard","has-post-thumbnail","hentry","category-interes-general-locales","category-locales"],"aioseo_notices":[],"gutentor_comment":0,"jetpack_featured_media_url":"https:\/\/eldiariodesanpedro.com.ar\/sitio\/wp-content\/uploads\/2021\/12\/WhatsApp-Image-2021-12-07-at-10.29.47.jpeg","jetpack_shortlink":"https:\/\/wp.me\/p6RhLt-qxp","jetpack_sharing_enabled":true,"_links":{"self":[{"href":"https:\/\/eldiariodesanpedro.com.ar\/sitio\/wp-json\/wp\/v2\/posts\/102015","targetHints":{"allow":["GET"]}}],"collection":[{"href":"https:\/\/eldiariodesanpedro.com.ar\/sitio\/wp-json\/wp\/v2\/posts"}],"about":[{"href":"https:\/\/eldiariodesanpedro.com.ar\/sitio\/wp-json\/wp\/v2\/types\/post"}],"author":[{"embeddable":true,"href":"https:\/\/eldiariodesanpedro.com.ar\/sitio\/wp-json\/wp\/v2\/users\/4"}],"replies":[{"embeddable":true,"href":"https:\/\/eldiariodesanpedro.com.ar\/sitio\/wp-json\/wp\/v2\/comments?post=102015"}],"version-history":[{"count":1,"href":"https:\/\/eldiariodesanpedro.com.ar\/sitio\/wp-json\/wp\/v2\/posts\/102015\/revisions"}],"predecessor-version":[{"id":102018,"href":"https:\/\/eldiariodesanpedro.com.ar\/sitio\/wp-json\/wp\/v2\/posts\/102015\/revisions\/102018"}],"wp:featuredmedia":[{"embeddable":true,"href":"https:\/\/eldiariodesanpedro.com.ar\/sitio\/wp-json\/wp\/v2\/media\/102016"}],"wp:attachment":[{"href":"https:\/\/eldiariodesanpedro.com.ar\/sitio\/wp-json\/wp\/v2\/media?parent=102015"}],"wp:term":[{"taxonomy":"category","embeddable":true,"href":"https:\/\/eldiariodesanpedro.com.ar\/sitio\/wp-json\/wp\/v2\/categories?post=102015"},{"taxonomy":"post_tag","embeddable":true,"href":"https:\/\/eldiariodesanpedro.com.ar\/sitio\/wp-json\/wp\/v2\/tags?post=102015"}],"curies":[{"name":"wp","href":"https:\/\/api.w.org\/{rel}","templated":true}]}}