{"id":102012,"date":"2021-12-07T11:05:10","date_gmt":"2021-12-07T14:05:10","guid":{"rendered":"https:\/\/eldiariodesanpedro.com.ar\/sitio\/?p=102012"},"modified":"2021-12-07T11:05:12","modified_gmt":"2021-12-07T14:05:12","slug":"secuestran-en-allanamiento-efectos-personales-robados-a-personas-que-volcaron-en-su-automovil-por-un-delincuente-que-fue-liberado-el-pasado-jueves","status":"publish","type":"post","link":"https:\/\/eldiariodesanpedro.com.ar\/sitio\/secuestran-en-allanamiento-efectos-personales-robados-a-personas-que-volcaron-en-su-automovil-por-un-delincuente-que-fue-liberado-el-pasado-jueves\/","title":{"rendered":"Secuestran en allanamiento efectos personales robados a personas que volcaron en su autom\u00f3vil, por un delincuente que fue liberado el pasado jueves"},"content":{"rendered":"<!-- VideographyWP Plugin Message: Automatic video embedding prevented by plugin options. -->\n\n<p>En la tarde de ayer lunes el personal del Gabinete Criminol\u00f3gico de la comisar\u00eda diligencio \u00f3rdenes de allanamiento en el marco de hecho de un hecho de hurto,&nbsp; donde le sustrajeron efectos personales a ciudadano que radic\u00f3 denuncia por su faltante tras volcar su autom\u00f3vil en calle Mateo Sbert y General Pueyrred\u00f3n el pasado s\u00e1bado.&nbsp;<\/p>\n\n\n\n<p>Las diligencias se dieron en dos domicilios de&nbsp; delincuentes identificados tras tareas investigativas calle Saavedra al 1900 y al 2000 donde se secuestr\u00f3 una tarjeta de cr\u00e9dito del banco ICBC a nombre del denunciante, como as\u00ed tres plantas de marihuana.&nbsp;<\/p>\n\n\n\n<p>Ambos imputados no se encontraban en el domicilio, ambos mayores de edad con m\u00faltiples antecedentes, uno de ellos&nbsp; hab\u00eda recuperado su libertad el pasado jueves. Se prosiguen las tareas investigativas &nbsp; &nbsp;<\/p>\n","protected":false},"excerpt":{"rendered":"<p>En la tarde de ayer lunes el personal del Gabinete Criminol\u00f3gico de la comisar\u00eda diligencio \u00f3rdenes de allanamiento en el marco de hecho de un hecho de hurto,&nbsp; donde le sustrajeron efectos personales a ciudadano que radic\u00f3 denuncia por su faltante tras volcar su autom\u00f3vil en calle Mateo Sbert y General Pueyrred\u00f3n el pasado s\u00e1bado.&nbsp; [&hellip;]<\/p>\n","protected":false},"author":4,"featured_media":102013,"comment_status":"closed","ping_status":"closed","sticky":false,"template":"","format":"standard","meta":{"om_disable_all_campaigns":false,"_jetpack_memberships_contains_paid_content":false,"footnotes":""},"categories":[50,2,103],"tags":[],"class_list":["post-102012","post","type-post","status-publish","format-standard","has-post-thumbnail","hentry","category-destacadas","category-locales","category-policiales-locales"],"aioseo_notices":[],"gutentor_comment":0,"jetpack_featured_media_url":"https:\/\/eldiariodesanpedro.com.ar\/sitio\/wp-content\/uploads\/2021\/12\/2.jpg","jetpack_shortlink":"https:\/\/wp.me\/p6RhLt-qxm","jetpack_sharing_enabled":true,"_links":{"self":[{"href":"https:\/\/eldiariodesanpedro.com.ar\/sitio\/wp-json\/wp\/v2\/posts\/102012","targetHints":{"allow":["GET"]}}],"collection":[{"href":"https:\/\/eldiariodesanpedro.com.ar\/sitio\/wp-json\/wp\/v2\/posts"}],"about":[{"href":"https:\/\/eldiariodesanpedro.com.ar\/sitio\/wp-json\/wp\/v2\/types\/post"}],"author":[{"embeddable":true,"href":"https:\/\/eldiariodesanpedro.com.ar\/sitio\/wp-json\/wp\/v2\/users\/4"}],"replies":[{"embeddable":true,"href":"https:\/\/eldiariodesanpedro.com.ar\/sitio\/wp-json\/wp\/v2\/comments?post=102012"}],"version-history":[{"count":1,"href":"https:\/\/eldiariodesanpedro.com.ar\/sitio\/wp-json\/wp\/v2\/posts\/102012\/revisions"}],"predecessor-version":[{"id":102014,"href":"https:\/\/eldiariodesanpedro.com.ar\/sitio\/wp-json\/wp\/v2\/posts\/102012\/revisions\/102014"}],"wp:featuredmedia":[{"embeddable":true,"href":"https:\/\/eldiariodesanpedro.com.ar\/sitio\/wp-json\/wp\/v2\/media\/102013"}],"wp:attachment":[{"href":"https:\/\/eldiariodesanpedro.com.ar\/sitio\/wp-json\/wp\/v2\/media?parent=102012"}],"wp:term":[{"taxonomy":"category","embeddable":true,"href":"https:\/\/eldiariodesanpedro.com.ar\/sitio\/wp-json\/wp\/v2\/categories?post=102012"},{"taxonomy":"post_tag","embeddable":true,"href":"https:\/\/eldiariodesanpedro.com.ar\/sitio\/wp-json\/wp\/v2\/tags?post=102012"}],"curies":[{"name":"wp","href":"https:\/\/api.w.org\/{rel}","templated":true}]}}