{"id":102009,"date":"2021-12-07T10:37:48","date_gmt":"2021-12-07T13:37:48","guid":{"rendered":"https:\/\/eldiariodesanpedro.com.ar\/sitio\/?p=102009"},"modified":"2021-12-07T10:37:50","modified_gmt":"2021-12-07T13:37:50","slug":"detienen-a-peligroso-delincuente-condenado-por-multiples-hechos-delictivos","status":"publish","type":"post","link":"https:\/\/eldiariodesanpedro.com.ar\/sitio\/detienen-a-peligroso-delincuente-condenado-por-multiples-hechos-delictivos\/","title":{"rendered":"Detienen a peligroso delincuente condenado por m\u00faltiples hechos delictivos"},"content":{"rendered":"<!-- VideographyWP Plugin Message: Automatic video embedding prevented by plugin options. -->\n\n<p>En la jornada de ayer la polic\u00eda de nuestra ciudad realiz\u00f3 la detenci\u00f3n de un peligroso delincuente condenado por m\u00faltiples hechos delictivos.<\/p>\n\n\n\n<p>Este lunes en horas de la tarde el personal del Gabinete Criminol\u00f3gico de la Comisar\u00eda en calle San Lorenzo al 3000 detuvo a reconocido delincuente de 34 a\u00f1os de edad, quien registraba desde el mes de octubre pedido detenci\u00f3n y captura requerido por el Juzgado de Ejecuci\u00f3n de Penal de San Nicol\u00e1s quien fue condenado en el a\u00f1o 2019 por distintos delitos, tenencia ilegal de arma de guerra, dos hechos de hurto calificado y encubrimiento, todos los hechos ocurridos en San Pedro, por causas que acumulaba desde el a\u00f1o 2015.<\/p>\n\n\n\n<p>El delincuente permanece detenido en sede policial local y ser\u00e1 trasladado en los pr\u00f3ximos d\u00edas a la UP3 de San Nicol\u00e1s para cumplir el resto de la pena de m\u00e1s de 3 a\u00f1os.<\/p>\n","protected":false},"excerpt":{"rendered":"<p>En la jornada de ayer la polic\u00eda de nuestra ciudad realiz\u00f3 la detenci\u00f3n de un peligroso delincuente condenado por m\u00faltiples hechos delictivos. Este lunes en horas de la tarde el personal del Gabinete Criminol\u00f3gico de la Comisar\u00eda en calle San Lorenzo al 3000 detuvo a reconocido delincuente de 34 a\u00f1os de edad, quien registraba desde [&hellip;]<\/p>\n","protected":false},"author":4,"featured_media":102010,"comment_status":"closed","ping_status":"closed","sticky":false,"template":"","format":"standard","meta":{"om_disable_all_campaigns":false,"_jetpack_memberships_contains_paid_content":false,"footnotes":""},"categories":[50,2,103],"tags":[],"class_list":["post-102009","post","type-post","status-publish","format-standard","has-post-thumbnail","hentry","category-destacadas","category-locales","category-policiales-locales"],"aioseo_notices":[],"gutentor_comment":0,"jetpack_featured_media_url":"https:\/\/eldiariodesanpedro.com.ar\/sitio\/wp-content\/uploads\/2021\/12\/1.jpg","jetpack_shortlink":"https:\/\/wp.me\/p6RhLt-qxj","jetpack_sharing_enabled":true,"_links":{"self":[{"href":"https:\/\/eldiariodesanpedro.com.ar\/sitio\/wp-json\/wp\/v2\/posts\/102009","targetHints":{"allow":["GET"]}}],"collection":[{"href":"https:\/\/eldiariodesanpedro.com.ar\/sitio\/wp-json\/wp\/v2\/posts"}],"about":[{"href":"https:\/\/eldiariodesanpedro.com.ar\/sitio\/wp-json\/wp\/v2\/types\/post"}],"author":[{"embeddable":true,"href":"https:\/\/eldiariodesanpedro.com.ar\/sitio\/wp-json\/wp\/v2\/users\/4"}],"replies":[{"embeddable":true,"href":"https:\/\/eldiariodesanpedro.com.ar\/sitio\/wp-json\/wp\/v2\/comments?post=102009"}],"version-history":[{"count":1,"href":"https:\/\/eldiariodesanpedro.com.ar\/sitio\/wp-json\/wp\/v2\/posts\/102009\/revisions"}],"predecessor-version":[{"id":102011,"href":"https:\/\/eldiariodesanpedro.com.ar\/sitio\/wp-json\/wp\/v2\/posts\/102009\/revisions\/102011"}],"wp:featuredmedia":[{"embeddable":true,"href":"https:\/\/eldiariodesanpedro.com.ar\/sitio\/wp-json\/wp\/v2\/media\/102010"}],"wp:attachment":[{"href":"https:\/\/eldiariodesanpedro.com.ar\/sitio\/wp-json\/wp\/v2\/media?parent=102009"}],"wp:term":[{"taxonomy":"category","embeddable":true,"href":"https:\/\/eldiariodesanpedro.com.ar\/sitio\/wp-json\/wp\/v2\/categories?post=102009"},{"taxonomy":"post_tag","embeddable":true,"href":"https:\/\/eldiariodesanpedro.com.ar\/sitio\/wp-json\/wp\/v2\/tags?post=102009"}],"curies":[{"name":"wp","href":"https:\/\/api.w.org\/{rel}","templated":true}]}}