{"id":102006,"date":"2021-12-07T10:28:07","date_gmt":"2021-12-07T13:28:07","guid":{"rendered":"https:\/\/eldiariodesanpedro.com.ar\/sitio\/?p=102006"},"modified":"2021-12-07T10:28:09","modified_gmt":"2021-12-07T13:28:09","slug":"roban-un-remolque-estacionado-en-la-via-publica","status":"publish","type":"post","link":"https:\/\/eldiariodesanpedro.com.ar\/sitio\/roban-un-remolque-estacionado-en-la-via-publica\/","title":{"rendered":"Roban un remolque estacionado en la v\u00eda p\u00fablica"},"content":{"rendered":"<!-- VideographyWP Plugin Message: Automatic video embedding prevented by plugin options. -->\n\n<p>Este lunes un ciudadano de San Pedro realiz\u00f3 una denuncia porque d\u00edas atr\u00e1s le robaron un remolque.<\/p>\n\n\n\n<p>El dia de ayer por la tarde un ciudadano de 33 a\u00f1os de edad realiz\u00f3 una denuncia en la comisar\u00eda local por que el pasado dia sabado en horas de la tarde constata que autores ignorados en calle Albandea sustraen un remolque de construcci\u00f3n casera estacionado frente de su domicilio tras violentar cadena de seguridad.<\/p>\n\n\n\n<p>La UFI 11 se encarga de la investigaci\u00f3n del hecho.<\/p>\n\n\n\n<p>imagen ilustrativa<\/p>\n","protected":false},"excerpt":{"rendered":"<p>Este lunes un ciudadano de San Pedro realiz\u00f3 una denuncia porque d\u00edas atr\u00e1s le robaron un remolque. El dia de ayer por la tarde un ciudadano de 33 a\u00f1os de edad realiz\u00f3 una denuncia en la comisar\u00eda local por que el pasado dia sabado en horas de la tarde constata que autores ignorados en calle [&hellip;]<\/p>\n","protected":false},"author":4,"featured_media":102007,"comment_status":"closed","ping_status":"closed","sticky":false,"template":"","format":"standard","meta":{"om_disable_all_campaigns":false,"_jetpack_memberships_contains_paid_content":false,"footnotes":""},"categories":[2,103],"tags":[],"class_list":["post-102006","post","type-post","status-publish","format-standard","has-post-thumbnail","hentry","category-locales","category-policiales-locales"],"aioseo_notices":[],"gutentor_comment":0,"jetpack_featured_media_url":"https:\/\/eldiariodesanpedro.com.ar\/sitio\/wp-content\/uploads\/2021\/12\/Como-registrar-remolques-de-carga-caseros-en-Indiana.jpg","jetpack_shortlink":"https:\/\/wp.me\/p6RhLt-qxg","jetpack_sharing_enabled":true,"_links":{"self":[{"href":"https:\/\/eldiariodesanpedro.com.ar\/sitio\/wp-json\/wp\/v2\/posts\/102006","targetHints":{"allow":["GET"]}}],"collection":[{"href":"https:\/\/eldiariodesanpedro.com.ar\/sitio\/wp-json\/wp\/v2\/posts"}],"about":[{"href":"https:\/\/eldiariodesanpedro.com.ar\/sitio\/wp-json\/wp\/v2\/types\/post"}],"author":[{"embeddable":true,"href":"https:\/\/eldiariodesanpedro.com.ar\/sitio\/wp-json\/wp\/v2\/users\/4"}],"replies":[{"embeddable":true,"href":"https:\/\/eldiariodesanpedro.com.ar\/sitio\/wp-json\/wp\/v2\/comments?post=102006"}],"version-history":[{"count":1,"href":"https:\/\/eldiariodesanpedro.com.ar\/sitio\/wp-json\/wp\/v2\/posts\/102006\/revisions"}],"predecessor-version":[{"id":102008,"href":"https:\/\/eldiariodesanpedro.com.ar\/sitio\/wp-json\/wp\/v2\/posts\/102006\/revisions\/102008"}],"wp:featuredmedia":[{"embeddable":true,"href":"https:\/\/eldiariodesanpedro.com.ar\/sitio\/wp-json\/wp\/v2\/media\/102007"}],"wp:attachment":[{"href":"https:\/\/eldiariodesanpedro.com.ar\/sitio\/wp-json\/wp\/v2\/media?parent=102006"}],"wp:term":[{"taxonomy":"category","embeddable":true,"href":"https:\/\/eldiariodesanpedro.com.ar\/sitio\/wp-json\/wp\/v2\/categories?post=102006"},{"taxonomy":"post_tag","embeddable":true,"href":"https:\/\/eldiariodesanpedro.com.ar\/sitio\/wp-json\/wp\/v2\/tags?post=102006"}],"curies":[{"name":"wp","href":"https:\/\/api.w.org\/{rel}","templated":true}]}}