{"id":102004,"date":"2021-12-07T10:09:19","date_gmt":"2021-12-07T13:09:19","guid":{"rendered":"https:\/\/eldiariodesanpedro.com.ar\/sitio\/?p=102004"},"modified":"2021-12-07T10:09:21","modified_gmt":"2021-12-07T13:09:21","slug":"intento-de-estafa-a-traves-de-whatsapp-con-venta-de-dolares","status":"publish","type":"post","link":"https:\/\/eldiariodesanpedro.com.ar\/sitio\/intento-de-estafa-a-traves-de-whatsapp-con-venta-de-dolares\/","title":{"rendered":"Intento de estafa a trav\u00e9s de Whatsapp con venta de d\u00f3lares"},"content":{"rendered":"<!-- VideographyWP Plugin Message: Automatic video embedding prevented by plugin options. -->\n\n<p>Este lunes se recibi\u00f3 la denuncia en la comisar\u00eda local por parte de un ciudadano al cual le utilizaron su n\u00famero de tel\u00e9fono para estafas con venta de d\u00f3lares.<\/p>\n\n\n\n<p>El hecho fue denunciado en la comisar\u00eda local este lunes en horas de la tarde por parte de un ciudadano de 52 a\u00f1os quien declar\u00f3 que autores desconocidos utilizaron su agenda de contactos de la aplicaci\u00f3n Whatsapp en su tel\u00e9fono para la venta de d\u00f3lares estadounidenses.<\/p>\n\n\n\n<p>Adem\u00e1s asegur\u00f3 no saber si alguien result\u00f3 damnificado.<\/p>\n","protected":false},"excerpt":{"rendered":"<p>Este lunes se recibi\u00f3 la denuncia en la comisar\u00eda local por parte de un ciudadano al cual le utilizaron su n\u00famero de tel\u00e9fono para estafas con venta de d\u00f3lares. El hecho fue denunciado en la comisar\u00eda local este lunes en horas de la tarde por parte de un ciudadano de 52 a\u00f1os quien declar\u00f3 que [&hellip;]<\/p>\n","protected":false},"author":4,"featured_media":45394,"comment_status":"closed","ping_status":"closed","sticky":false,"template":"","format":"standard","meta":{"om_disable_all_campaigns":false,"_jetpack_memberships_contains_paid_content":false,"footnotes":""},"categories":[2,103],"tags":[],"class_list":["post-102004","post","type-post","status-publish","format-standard","has-post-thumbnail","hentry","category-locales","category-policiales-locales"],"aioseo_notices":[],"gutentor_comment":0,"jetpack_featured_media_url":"https:\/\/eldiariodesanpedro.com.ar\/sitio\/wp-content\/uploads\/2019\/01\/comisaria.jpg","jetpack_shortlink":"https:\/\/wp.me\/p6RhLt-qxe","jetpack_sharing_enabled":true,"_links":{"self":[{"href":"https:\/\/eldiariodesanpedro.com.ar\/sitio\/wp-json\/wp\/v2\/posts\/102004","targetHints":{"allow":["GET"]}}],"collection":[{"href":"https:\/\/eldiariodesanpedro.com.ar\/sitio\/wp-json\/wp\/v2\/posts"}],"about":[{"href":"https:\/\/eldiariodesanpedro.com.ar\/sitio\/wp-json\/wp\/v2\/types\/post"}],"author":[{"embeddable":true,"href":"https:\/\/eldiariodesanpedro.com.ar\/sitio\/wp-json\/wp\/v2\/users\/4"}],"replies":[{"embeddable":true,"href":"https:\/\/eldiariodesanpedro.com.ar\/sitio\/wp-json\/wp\/v2\/comments?post=102004"}],"version-history":[{"count":1,"href":"https:\/\/eldiariodesanpedro.com.ar\/sitio\/wp-json\/wp\/v2\/posts\/102004\/revisions"}],"predecessor-version":[{"id":102005,"href":"https:\/\/eldiariodesanpedro.com.ar\/sitio\/wp-json\/wp\/v2\/posts\/102004\/revisions\/102005"}],"wp:featuredmedia":[{"embeddable":true,"href":"https:\/\/eldiariodesanpedro.com.ar\/sitio\/wp-json\/wp\/v2\/media\/45394"}],"wp:attachment":[{"href":"https:\/\/eldiariodesanpedro.com.ar\/sitio\/wp-json\/wp\/v2\/media?parent=102004"}],"wp:term":[{"taxonomy":"category","embeddable":true,"href":"https:\/\/eldiariodesanpedro.com.ar\/sitio\/wp-json\/wp\/v2\/categories?post=102004"},{"taxonomy":"post_tag","embeddable":true,"href":"https:\/\/eldiariodesanpedro.com.ar\/sitio\/wp-json\/wp\/v2\/tags?post=102004"}],"curies":[{"name":"wp","href":"https:\/\/api.w.org\/{rel}","templated":true}]}}