{"id":102001,"date":"2021-12-07T08:51:20","date_gmt":"2021-12-07T11:51:20","guid":{"rendered":"https:\/\/eldiariodesanpedro.com.ar\/sitio\/?p=102001"},"modified":"2021-12-07T08:51:22","modified_gmt":"2021-12-07T11:51:22","slug":"carta-de-despedida-del-intendente-cecilio-salazar","status":"publish","type":"post","link":"https:\/\/eldiariodesanpedro.com.ar\/sitio\/carta-de-despedida-del-intendente-cecilio-salazar\/","title":{"rendered":"Carta de despedida del Intendente Cecilio Salazar"},"content":{"rendered":"<!-- VideographyWP Plugin Message: Automatic video embedding prevented by plugin options. -->\n\n<p>El Intendete como se conocio el dia de ayer acepato un cargo dentro del Belgrano Cargas en el Ambito del Ministerio de Transporte por o que su hijo Ramon Salazar asumira como intendente los proximos dos a\u00f1os. A continuancion la carta por parte del jefe comunal.<\/p>\n\n\n\n<p><strong>Siempre para y por San Pedro.<\/strong><\/p>\n\n\n\n<p>Nuestra ciudad tiene una extraordinaria oportunidad para que los v\u00ednculos que nos unen al gobierno provincial y nacional se reflejen en nuevos proyectos, que consoliden esa recuperaci\u00f3n que todos los sampedrinos y sampedrinas nos merecemos.<\/p>\n\n\n\n<p>Reconociendo la gesti\u00f3n que hemos venido realizando y el apoyo que miles de ustedes nos han dado en las \u00faltimas elecciones, he sido convocado para asumir en el directorio del Ferrocarril Belgrano Cargas en el \u00e1mbito del Ministerio de Transporte de la Naci\u00f3n que conduce Alexis Guerrera y he aceptado esta propuesta.<\/p>\n\n\n\n<p>El trabajo conjunto con el Dr. Ram\u00f3n Salazar, Secretario de Coordinaci\u00f3n de la gesti\u00f3n que llevamos adelante, ha sido fundamental a lo largo de todos estos a\u00f1os e incluso ha debido hacerse cargo del gobierno municipal en momentos dif\u00edciles y determinantes.<\/p>\n\n\n\n<p>Por su enorme capacidad, el v\u00ednculo que nos une, y por tanto tiempo compartido buscando responder a todos los sectores que conforman nuestra comunidad, tengo la certeza de que el nuevo desaf\u00edo de asumir como Intendente Municipal de San Pedro, ser\u00e1 cumplido con gran responsabilidad y el respaldo de un gran equipo de colaboradores que me tendr\u00e1n, indudablemente, muy cerca para que nada altere el proyecto de crecimiento que queremos continuar.<\/p>\n\n\n\n<p>Como expres\u00e9 pocas horas despu\u00e9s de las elecciones del 14 de noviembre, mi lugar fue, es y ser\u00e1 SAN PEDRO, e indudablemente lo mejor est\u00e1 por venir.<\/p>\n\n\n\n<p>Seguiremos m\u00e1s firmes que nunca CONSTRUYENDO FUTURO para cada familia sampedrina.<\/p>\n\n\n\n<p><strong>Cecilio Salazar<\/strong><\/p>\n\n\n\n<figure class=\"wp-block-image size-full\"><img decoding=\"async\" width=\"445\" height=\"630\" data-attachment-id=\"102002\" data-permalink=\"https:\/\/eldiariodesanpedro.com.ar\/sitio\/carta-de-despedida-del-intendente-cecilio-salazar\/whatsapp-image-2021-12-07-at-07-55-45\/\" data-orig-file=\"https:\/\/eldiariodesanpedro.com.ar\/sitio\/wp-content\/uploads\/2021\/12\/WhatsApp-Image-2021-12-07-at-07.55.45.jpeg\" data-orig-size=\"445,630\" data-comments-opened=\"0\" data-image-meta=\"{&quot;aperture&quot;:&quot;0&quot;,&quot;credit&quot;:&quot;&quot;,&quot;camera&quot;:&quot;&quot;,&quot;caption&quot;:&quot;&quot;,&quot;created_timestamp&quot;:&quot;0&quot;,&quot;copyright&quot;:&quot;&quot;,&quot;focal_length&quot;:&quot;0&quot;,&quot;iso&quot;:&quot;0&quot;,&quot;shutter_speed&quot;:&quot;0&quot;,&quot;title&quot;:&quot;&quot;,&quot;orientation&quot;:&quot;0&quot;}\" data-image-title=\"WhatsApp-Image-2021-12-07-at-07.55.45\" data-image-description=\"\" data-image-caption=\"\" data-large-file=\"https:\/\/eldiariodesanpedro.com.ar\/sitio\/wp-content\/uploads\/2021\/12\/WhatsApp-Image-2021-12-07-at-07.55.45.jpeg\" data-src=\"https:\/\/eldiariodesanpedro.com.ar\/sitio\/wp-content\/uploads\/2021\/12\/WhatsApp-Image-2021-12-07-at-07.55.45.jpeg\" alt=\"\" class=\"wp-image-102002 lazyload\" data-srcset=\"https:\/\/eldiariodesanpedro.com.ar\/sitio\/wp-content\/uploads\/2021\/12\/WhatsApp-Image-2021-12-07-at-07.55.45.jpeg 445w, https:\/\/eldiariodesanpedro.com.ar\/sitio\/wp-content\/uploads\/2021\/12\/WhatsApp-Image-2021-12-07-at-07.55.45-212x300.jpeg 212w\" data-sizes=\"(max-width: 445px) 100vw, 445px\" src=\"data:image\/svg+xml;base64,PHN2ZyB3aWR0aD0iMSIgaGVpZ2h0PSIxIiB4bWxucz0iaHR0cDovL3d3dy53My5vcmcvMjAwMC9zdmciPjwvc3ZnPg==\" style=\"--smush-placeholder-width: 445px; --smush-placeholder-aspect-ratio: 445\/630;\" \/><\/figure>\n","protected":false},"excerpt":{"rendered":"<p>El Intendete como se conocio el dia de ayer acepato un cargo dentro del Belgrano Cargas en el Ambito del Ministerio de Transporte por o que su hijo Ramon Salazar asumira como intendente los proximos dos a\u00f1os. A continuancion la carta por parte del jefe comunal. Siempre para y por San Pedro. Nuestra ciudad tiene [&hellip;]<\/p>\n","protected":false},"author":4,"featured_media":101961,"comment_status":"closed","ping_status":"closed","sticky":false,"template":"","format":"standard","meta":{"om_disable_all_campaigns":false,"_jetpack_memberships_contains_paid_content":false,"footnotes":""},"categories":[50,101,2],"tags":[197,696,33,19],"class_list":["post-102001","post","type-post","status-publish","format-standard","has-post-thumbnail","hentry","category-destacadas","category-interes-general-locales","category-locales","tag-buenos-aires","tag-interes-general","tag-locales","tag-san-pedro"],"aioseo_notices":[],"gutentor_comment":0,"jetpack_featured_media_url":"https:\/\/eldiariodesanpedro.com.ar\/sitio\/wp-content\/uploads\/2021\/12\/WhatsApp-Image-2021-12-06-at-15.00.51.jpeg","jetpack_shortlink":"https:\/\/wp.me\/p6RhLt-qxb","jetpack_sharing_enabled":true,"_links":{"self":[{"href":"https:\/\/eldiariodesanpedro.com.ar\/sitio\/wp-json\/wp\/v2\/posts\/102001","targetHints":{"allow":["GET"]}}],"collection":[{"href":"https:\/\/eldiariodesanpedro.com.ar\/sitio\/wp-json\/wp\/v2\/posts"}],"about":[{"href":"https:\/\/eldiariodesanpedro.com.ar\/sitio\/wp-json\/wp\/v2\/types\/post"}],"author":[{"embeddable":true,"href":"https:\/\/eldiariodesanpedro.com.ar\/sitio\/wp-json\/wp\/v2\/users\/4"}],"replies":[{"embeddable":true,"href":"https:\/\/eldiariodesanpedro.com.ar\/sitio\/wp-json\/wp\/v2\/comments?post=102001"}],"version-history":[{"count":1,"href":"https:\/\/eldiariodesanpedro.com.ar\/sitio\/wp-json\/wp\/v2\/posts\/102001\/revisions"}],"predecessor-version":[{"id":102003,"href":"https:\/\/eldiariodesanpedro.com.ar\/sitio\/wp-json\/wp\/v2\/posts\/102001\/revisions\/102003"}],"wp:featuredmedia":[{"embeddable":true,"href":"https:\/\/eldiariodesanpedro.com.ar\/sitio\/wp-json\/wp\/v2\/media\/101961"}],"wp:attachment":[{"href":"https:\/\/eldiariodesanpedro.com.ar\/sitio\/wp-json\/wp\/v2\/media?parent=102001"}],"wp:term":[{"taxonomy":"category","embeddable":true,"href":"https:\/\/eldiariodesanpedro.com.ar\/sitio\/wp-json\/wp\/v2\/categories?post=102001"},{"taxonomy":"post_tag","embeddable":true,"href":"https:\/\/eldiariodesanpedro.com.ar\/sitio\/wp-json\/wp\/v2\/tags?post=102001"}],"curies":[{"name":"wp","href":"https:\/\/api.w.org\/{rel}","templated":true}]}}