{"id":101994,"date":"2021-12-06T22:08:19","date_gmt":"2021-12-07T01:08:19","guid":{"rendered":"https:\/\/eldiariodesanpedro.com.ar\/sitio\/?p=101994"},"modified":"2021-12-06T22:08:20","modified_gmt":"2021-12-07T01:08:20","slug":"el-intendente-salazar-se-incorpora-al-directorio-del-belgrano-cargas-y-asume-el-dr-ramon-salazar","status":"publish","type":"post","link":"https:\/\/eldiariodesanpedro.com.ar\/sitio\/el-intendente-salazar-se-incorpora-al-directorio-del-belgrano-cargas-y-asume-el-dr-ramon-salazar\/","title":{"rendered":"El Intendente Salazar se incorpora al Directorio del Belgrano Cargas y asume el Dr. Ram\u00f3n Salazar"},"content":{"rendered":"<!-- VideographyWP Plugin Message: Automatic video embedding prevented by plugin options. -->\n\n<p>Tras la reuni\u00f3n mantenida esta tarde con el Ministro de Transporte de la Naci\u00f3n, Alexis Guerrera es oficial el ingreso del Intendente Cecilio Salazar al directorio del Belgrano Cargas.<\/p>\n\n\n\n<p>El Ministro lo confirm\u00f3 en su cuenta oficial de Twitter hace instantes y el Intendente Salazar asumir\u00e1 su funci\u00f3n en esa estrat\u00e9gica \u00e1rea del gobierno nacional en las pr\u00f3ximas horas.<\/p>\n\n\n\n<p>\u00abVamos a trabajar para seguir potenciando nuestro sistema ferroviario que, mes a mes, viene batiendo records de toneladas transportadas\u00bb, expres\u00f3 el Ministro.<\/p>\n\n\n\n<p>El Intendente Salazar oficializar\u00e1 en breve su alejamiento del cargo que ocupa en San Pedro, y el Dr. Ram\u00f3n Salazar, actual Secretario de Coordinaci\u00f3n y primer concejal electo en los comicios del 2019 se har\u00e1 cargo del gobierno municipal.<\/p>\n\n\n\n<figure class=\"wp-block-image size-full\"><img decoding=\"async\" width=\"946\" height=\"630\" data-attachment-id=\"101997\" data-permalink=\"https:\/\/eldiariodesanpedro.com.ar\/sitio\/el-intendente-salazar-se-incorpora-al-directorio-del-belgrano-cargas-y-asume-el-dr-ramon-salazar\/whatsapp-image-2021-12-06-at-19-32-09\/\" data-orig-file=\"https:\/\/eldiariodesanpedro.com.ar\/sitio\/wp-content\/uploads\/2021\/12\/WhatsApp-Image-2021-12-06-at-19.32.09.jpeg\" data-orig-size=\"946,630\" data-comments-opened=\"0\" data-image-meta=\"{&quot;aperture&quot;:&quot;0&quot;,&quot;credit&quot;:&quot;&quot;,&quot;camera&quot;:&quot;&quot;,&quot;caption&quot;:&quot;&quot;,&quot;created_timestamp&quot;:&quot;0&quot;,&quot;copyright&quot;:&quot;&quot;,&quot;focal_length&quot;:&quot;0&quot;,&quot;iso&quot;:&quot;0&quot;,&quot;shutter_speed&quot;:&quot;0&quot;,&quot;title&quot;:&quot;&quot;,&quot;orientation&quot;:&quot;0&quot;}\" data-image-title=\"WhatsApp Image 2021-12-06 at 19.32.09\" data-image-description=\"\" data-image-caption=\"\" data-large-file=\"https:\/\/eldiariodesanpedro.com.ar\/sitio\/wp-content\/uploads\/2021\/12\/WhatsApp-Image-2021-12-06-at-19.32.09.jpeg\" data-src=\"https:\/\/eldiariodesanpedro.com.ar\/sitio\/wp-content\/uploads\/2021\/12\/WhatsApp-Image-2021-12-06-at-19.32.09.jpeg\" alt=\"\" class=\"wp-image-101997 lazyload\" data-srcset=\"https:\/\/eldiariodesanpedro.com.ar\/sitio\/wp-content\/uploads\/2021\/12\/WhatsApp-Image-2021-12-06-at-19.32.09.jpeg 946w, https:\/\/eldiariodesanpedro.com.ar\/sitio\/wp-content\/uploads\/2021\/12\/WhatsApp-Image-2021-12-06-at-19.32.09-300x200.jpeg 300w, https:\/\/eldiariodesanpedro.com.ar\/sitio\/wp-content\/uploads\/2021\/12\/WhatsApp-Image-2021-12-06-at-19.32.09-768x511.jpeg 768w\" data-sizes=\"(max-width: 946px) 100vw, 946px\" src=\"data:image\/svg+xml;base64,PHN2ZyB3aWR0aD0iMSIgaGVpZ2h0PSIxIiB4bWxucz0iaHR0cDovL3d3dy53My5vcmcvMjAwMC9zdmciPjwvc3ZnPg==\" style=\"--smush-placeholder-width: 946px; --smush-placeholder-aspect-ratio: 946\/630;\" \/><\/figure>\n\n\n\n<div class=\"wp-block-image\"><figure class=\"aligncenter size-full\"><img decoding=\"async\" width=\"595\" height=\"475\" data-attachment-id=\"101995\" data-permalink=\"https:\/\/eldiariodesanpedro.com.ar\/sitio\/el-intendente-salazar-se-incorpora-al-directorio-del-belgrano-cargas-y-asume-el-dr-ramon-salazar\/whatsapp-image-2021-12-06-at-19-32-07\/\" data-orig-file=\"https:\/\/eldiariodesanpedro.com.ar\/sitio\/wp-content\/uploads\/2021\/12\/WhatsApp-Image-2021-12-06-at-19.32.07.jpeg\" data-orig-size=\"595,475\" data-comments-opened=\"0\" data-image-meta=\"{&quot;aperture&quot;:&quot;0&quot;,&quot;credit&quot;:&quot;&quot;,&quot;camera&quot;:&quot;&quot;,&quot;caption&quot;:&quot;&quot;,&quot;created_timestamp&quot;:&quot;0&quot;,&quot;copyright&quot;:&quot;&quot;,&quot;focal_length&quot;:&quot;0&quot;,&quot;iso&quot;:&quot;0&quot;,&quot;shutter_speed&quot;:&quot;0&quot;,&quot;title&quot;:&quot;&quot;,&quot;orientation&quot;:&quot;0&quot;}\" data-image-title=\"WhatsApp Image 2021-12-06 at 19.32.07\" data-image-description=\"\" data-image-caption=\"\" data-large-file=\"https:\/\/eldiariodesanpedro.com.ar\/sitio\/wp-content\/uploads\/2021\/12\/WhatsApp-Image-2021-12-06-at-19.32.07.jpeg\" data-src=\"https:\/\/eldiariodesanpedro.com.ar\/sitio\/wp-content\/uploads\/2021\/12\/WhatsApp-Image-2021-12-06-at-19.32.07.jpeg\" alt=\"\" class=\"wp-image-101995 lazyload\" data-srcset=\"https:\/\/eldiariodesanpedro.com.ar\/sitio\/wp-content\/uploads\/2021\/12\/WhatsApp-Image-2021-12-06-at-19.32.07.jpeg 595w, https:\/\/eldiariodesanpedro.com.ar\/sitio\/wp-content\/uploads\/2021\/12\/WhatsApp-Image-2021-12-06-at-19.32.07-300x239.jpeg 300w\" data-sizes=\"(max-width: 595px) 100vw, 595px\" src=\"data:image\/svg+xml;base64,PHN2ZyB3aWR0aD0iMSIgaGVpZ2h0PSIxIiB4bWxucz0iaHR0cDovL3d3dy53My5vcmcvMjAwMC9zdmciPjwvc3ZnPg==\" style=\"--smush-placeholder-width: 595px; --smush-placeholder-aspect-ratio: 595\/475;\" \/><\/figure><\/div>\n","protected":false},"excerpt":{"rendered":"<p>Tras la reuni\u00f3n mantenida esta tarde con el Ministro de Transporte de la Naci\u00f3n, Alexis Guerrera es oficial el ingreso del Intendente Cecilio Salazar al directorio del Belgrano Cargas. El Ministro lo confirm\u00f3 en su cuenta oficial de Twitter hace instantes y el Intendente Salazar asumir\u00e1 su funci\u00f3n en esa estrat\u00e9gica \u00e1rea del gobierno nacional [&hellip;]<\/p>\n","protected":false},"author":4,"featured_media":101996,"comment_status":"closed","ping_status":"closed","sticky":false,"template":"","format":"standard","meta":{"om_disable_all_campaigns":false,"_jetpack_memberships_contains_paid_content":false,"footnotes":""},"categories":[50,101,2],"tags":[],"class_list":["post-101994","post","type-post","status-publish","format-standard","has-post-thumbnail","hentry","category-destacadas","category-interes-general-locales","category-locales"],"aioseo_notices":[],"gutentor_comment":0,"jetpack_featured_media_url":"https:\/\/eldiariodesanpedro.com.ar\/sitio\/wp-content\/uploads\/2021\/12\/WhatsApp-Image-2021-12-06-at-19.32.08.jpeg","jetpack_shortlink":"https:\/\/wp.me\/p6RhLt-qx4","jetpack_sharing_enabled":true,"_links":{"self":[{"href":"https:\/\/eldiariodesanpedro.com.ar\/sitio\/wp-json\/wp\/v2\/posts\/101994","targetHints":{"allow":["GET"]}}],"collection":[{"href":"https:\/\/eldiariodesanpedro.com.ar\/sitio\/wp-json\/wp\/v2\/posts"}],"about":[{"href":"https:\/\/eldiariodesanpedro.com.ar\/sitio\/wp-json\/wp\/v2\/types\/post"}],"author":[{"embeddable":true,"href":"https:\/\/eldiariodesanpedro.com.ar\/sitio\/wp-json\/wp\/v2\/users\/4"}],"replies":[{"embeddable":true,"href":"https:\/\/eldiariodesanpedro.com.ar\/sitio\/wp-json\/wp\/v2\/comments?post=101994"}],"version-history":[{"count":1,"href":"https:\/\/eldiariodesanpedro.com.ar\/sitio\/wp-json\/wp\/v2\/posts\/101994\/revisions"}],"predecessor-version":[{"id":101998,"href":"https:\/\/eldiariodesanpedro.com.ar\/sitio\/wp-json\/wp\/v2\/posts\/101994\/revisions\/101998"}],"wp:featuredmedia":[{"embeddable":true,"href":"https:\/\/eldiariodesanpedro.com.ar\/sitio\/wp-json\/wp\/v2\/media\/101996"}],"wp:attachment":[{"href":"https:\/\/eldiariodesanpedro.com.ar\/sitio\/wp-json\/wp\/v2\/media?parent=101994"}],"wp:term":[{"taxonomy":"category","embeddable":true,"href":"https:\/\/eldiariodesanpedro.com.ar\/sitio\/wp-json\/wp\/v2\/categories?post=101994"},{"taxonomy":"post_tag","embeddable":true,"href":"https:\/\/eldiariodesanpedro.com.ar\/sitio\/wp-json\/wp\/v2\/tags?post=101994"}],"curies":[{"name":"wp","href":"https:\/\/api.w.org\/{rel}","templated":true}]}}