{"id":101982,"date":"2021-12-06T17:22:54","date_gmt":"2021-12-06T20:22:54","guid":{"rendered":"https:\/\/eldiariodesanpedro.com.ar\/sitio\/?p=101982"},"modified":"2021-12-06T17:23:04","modified_gmt":"2021-12-06T20:23:04","slug":"una-mujer-se-encadeno-a-la-puerta-de-una-fabrica-y-se-rocio-con-alcohol-en-reclamo-salarial-video","status":"publish","type":"post","link":"https:\/\/eldiariodesanpedro.com.ar\/sitio\/una-mujer-se-encadeno-a-la-puerta-de-una-fabrica-y-se-rocio-con-alcohol-en-reclamo-salarial-video\/","title":{"rendered":"Una mujer se encaden\u00f3 a la puerta de una f\u00e1brica y se roci\u00f3 con alcohol en reclamo salarial (video)"},"content":{"rendered":"<!-- VideographyWP Plugin Message: Automatic video embedding prevented by plugin options. -->\n\n<p>Este mediod\u00eda de lunes una mujer de 46 a\u00f1os de edad llamada Alejandra tom\u00f3 la decisi\u00f3n de encadenarse a la puerta de la f\u00e1brica donde trabaj\u00f3 durante varios a\u00f1os y adem\u00e1s se roci\u00f3 con alcohol amenazando con incendiarse, el reclamo es que sufri\u00f3 maltrato en el trabajo y adem\u00e1s de no percibir la totalidad de su sueldo en el \u00faltimo mes.<\/p>\n\n\n\n<p>Alrededor de la 13 hs la empleada de la f\u00e1brica de tinta Holux ubicada en ruta 1001 a pocos metros de Crucero General Belgrano decidi\u00f3 encadenarse a un port\u00f3n de acceso donde adem\u00e1s se hab\u00eda rociado con alcohol amenazando con prenderse fuego de no&nbsp; tener soluci\u00f3n. Seg\u00fan pudimos dialogar con la mujer se encuentra transitando una situaci\u00f3n complicada con parte m\u00e9dico psiqui\u00e1trico hace varios meses por lo que los propietarios no le abonan el sueldo completo durante este periodo.<\/p>\n\n\n\n<p>La polic\u00eda y una ambulancia intervinieron en el lugar convenciendo a la mujer para que desiste de prenderse fuego y logrando que entregar\u00e1 la botella de alcohol.<\/p>\n\n\n\n<p>Momentos despu\u00e9s se hace presente la representante del Ministerio de Trabajo Sofia Rotundo quien intent\u00f3 mediar con la mujer para que desistiera de la actitud y pudieran llegar a un acuerdo entre las partes pero a trav\u00e9s del ministerio evitando la situaci\u00f3n.<\/p>\n\n\n\n<p>Alejandra ya hab\u00eda presentado ante el organismo varias denuncias contra los propietarios de la empresa Holux que hasta el momento no tuvieron soluci\u00f3n, por lo que tom\u00f3 esta decisi\u00f3n de encadenarse.<\/p>\n\n\n\n<iframe data-src=\"https:\/\/www.facebook.com\/plugins\/video.php?height=314&#038;href=https%3A%2F%2Fwww.facebook.com%2Fdiariosp2%2Fvideos%2F1462967984088831%2F&#038;show_text=false&#038;width=560&#038;t=0\" width=\"560\" height=\"314\" style=\"border:none;overflow:hidden\" scrolling=\"no\" frameborder=\"0\" allowfullscreen=\"true\" allow=\"autoplay; clipboard-write; encrypted-media; picture-in-picture; web-share\" allowFullScreen=\"true\" src=\"data:image\/svg+xml;base64,PHN2ZyB3aWR0aD0iMSIgaGVpZ2h0PSIxIiB4bWxucz0iaHR0cDovL3d3dy53My5vcmcvMjAwMC9zdmciPjwvc3ZnPg==\" class=\"lazyload\" data-load-mode=\"1\"><\/iframe>\n\n\n\n<iframe data-src=\"https:\/\/www.facebook.com\/plugins\/video.php?height=314&#038;href=https%3A%2F%2Fwww.facebook.com%2Fdiariosp2%2Fvideos%2F649596326058810%2F&#038;show_text=false&#038;width=560&#038;t=0\" width=\"560\" height=\"314\" style=\"border:none;overflow:hidden\" scrolling=\"no\" frameborder=\"0\" allowfullscreen=\"true\" allow=\"autoplay; clipboard-write; encrypted-media; picture-in-picture; web-share\" allowFullScreen=\"true\" src=\"data:image\/svg+xml;base64,PHN2ZyB3aWR0aD0iMSIgaGVpZ2h0PSIxIiB4bWxucz0iaHR0cDovL3d3dy53My5vcmcvMjAwMC9zdmciPjwvc3ZnPg==\" class=\"lazyload\" data-load-mode=\"1\"><\/iframe>\n","protected":false},"excerpt":{"rendered":"<p>Este mediod\u00eda de lunes una mujer de 46 a\u00f1os de edad llamada Alejandra tom\u00f3 la decisi\u00f3n de encadenarse a la puerta de la f\u00e1brica donde trabaj\u00f3 durante varios a\u00f1os y adem\u00e1s se roci\u00f3 con alcohol amenazando con incendiarse, el reclamo es que sufri\u00f3 maltrato en el trabajo y adem\u00e1s de no percibir la totalidad de [&hellip;]<\/p>\n","protected":false},"author":4,"featured_media":101983,"comment_status":"closed","ping_status":"closed","sticky":false,"template":"","format":"standard","meta":{"om_disable_all_campaigns":false,"_jetpack_memberships_contains_paid_content":false,"footnotes":""},"categories":[50,101,2],"tags":[],"class_list":["post-101982","post","type-post","status-publish","format-standard","has-post-thumbnail","hentry","category-destacadas","category-interes-general-locales","category-locales"],"aioseo_notices":[],"gutentor_comment":0,"jetpack_featured_media_url":"https:\/\/eldiariodesanpedro.com.ar\/sitio\/wp-content\/uploads\/2021\/12\/263776826_227269789504894_47288090926526846_n.jpg","jetpack_shortlink":"https:\/\/wp.me\/p6RhLt-qwS","jetpack_sharing_enabled":true,"_links":{"self":[{"href":"https:\/\/eldiariodesanpedro.com.ar\/sitio\/wp-json\/wp\/v2\/posts\/101982","targetHints":{"allow":["GET"]}}],"collection":[{"href":"https:\/\/eldiariodesanpedro.com.ar\/sitio\/wp-json\/wp\/v2\/posts"}],"about":[{"href":"https:\/\/eldiariodesanpedro.com.ar\/sitio\/wp-json\/wp\/v2\/types\/post"}],"author":[{"embeddable":true,"href":"https:\/\/eldiariodesanpedro.com.ar\/sitio\/wp-json\/wp\/v2\/users\/4"}],"replies":[{"embeddable":true,"href":"https:\/\/eldiariodesanpedro.com.ar\/sitio\/wp-json\/wp\/v2\/comments?post=101982"}],"version-history":[{"count":1,"href":"https:\/\/eldiariodesanpedro.com.ar\/sitio\/wp-json\/wp\/v2\/posts\/101982\/revisions"}],"predecessor-version":[{"id":101987,"href":"https:\/\/eldiariodesanpedro.com.ar\/sitio\/wp-json\/wp\/v2\/posts\/101982\/revisions\/101987"}],"wp:featuredmedia":[{"embeddable":true,"href":"https:\/\/eldiariodesanpedro.com.ar\/sitio\/wp-json\/wp\/v2\/media\/101983"}],"wp:attachment":[{"href":"https:\/\/eldiariodesanpedro.com.ar\/sitio\/wp-json\/wp\/v2\/media?parent=101982"}],"wp:term":[{"taxonomy":"category","embeddable":true,"href":"https:\/\/eldiariodesanpedro.com.ar\/sitio\/wp-json\/wp\/v2\/categories?post=101982"},{"taxonomy":"post_tag","embeddable":true,"href":"https:\/\/eldiariodesanpedro.com.ar\/sitio\/wp-json\/wp\/v2\/tags?post=101982"}],"curies":[{"name":"wp","href":"https:\/\/api.w.org\/{rel}","templated":true}]}}